{"id":1490,"date":"2022-06-22T16:41:35","date_gmt":"2022-06-22T20:41:35","guid":{"rendered":"https:\/\/elpueblo.com.do\/?p=1490"},"modified":"2022-06-22T16:41:36","modified_gmt":"2022-06-22T20:41:36","slug":"senador-santiago-zorrilla-agradece-al-presidente-construccion-de-pista-de-atletismo-en-el-seibo","status":"publish","type":"post","link":"https:\/\/elpueblo.com.do\/actualidad\/senador-santiago-zorrilla-agradece-al-presidente-construccion-de-pista-de-atletismo-en-el-seibo\/1490\/","title":{"rendered":"Senador Santiago Zorrilla agradece al presidente, construcci\u00f3n de pista de atletismo en El Seibo"},"content":{"rendered":"\n<p>El senador de la Rep\u00fablica representante de la provincia El Seibo, valor\u00f3 como muy importante para esta localidad y toda la regi\u00f3n este. El anuncio hecho por el ministro de deportes Ing. Francisco Camacho sobre la decisi\u00f3n de iniciar los trabajos de la pista de atletismo que tanto anhela la comunidad de esta regi\u00f3n.<\/p>\n\n\n\n<p>Para nosotros es de gran satisfacci\u00f3n poder compartir la alegr\u00eda de nuestros provincianos, con la grata noticia que trae una reivindicaci\u00f3n social anhelada por nuestros deportistas y toda la sociedad.<\/p>\n\n\n\n<p>El presidente Lu\u00eds Abinader, contin\u00faa demostrando con hechos, una voluntad real de cambio ante un pa\u00eds que al igual que todos los dem\u00e1s pa\u00edses, son v\u00edctimas de los embates pos pandemia y la presente situaci\u00f3n de guerra entre Rusia y Ucrania.<\/p>\n\n\n\n<p>El senador Zorrilla agradeci\u00f3 al presidente por pensar en El Seibo y sus ciudadanos. Tenga usted por seguro que lo vamos a valorar en todo momento. El cambio lleg\u00f3 al pa\u00eds y El Seibo es parte importante del mismo. Gracias presidente Abinader.<\/p>\n","protected":false},"excerpt":{"rendered":"<p>El senador de la Rep\u00fablica representante de la provincia El Seibo, valor\u00f3 como muy importante para esta localidad y toda la regi\u00f3n este. El anuncio hecho por el ministro de deportes Ing. Francisco Camacho sobre la decisi\u00f3n de iniciar los trabajos de la pista de atletismo que tanto anhela la comunidad de esta regi\u00f3n. Para [&hellip;]<\/p>\n","protected":false},"author":1,"featured_media":1491,"comment_status":"open","ping_status":"open","sticky":false,"template":"","format":"standard","meta":{"footnotes":""},"categories":[32,35,34],"tags":[367,368,366,281],"class_list":{"0":"post-1490","1":"post","2":"type-post","3":"status-publish","4":"format-standard","5":"has-post-thumbnail","7":"category-actualidad","8":"category-deportes","9":"category-politica","10":"tag-deportes","11":"tag-el-seibo","12":"tag-santiago-zorrilla","13":"tag-senado"},"_links":{"self":[{"href":"https:\/\/elpueblo.com.do\/api-json\/wp\/v2\/posts\/1490","targetHints":{"allow":["GET"]}}],"collection":[{"href":"https:\/\/elpueblo.com.do\/api-json\/wp\/v2\/posts"}],"about":[{"href":"https:\/\/elpueblo.com.do\/api-json\/wp\/v2\/types\/post"}],"author":[{"embeddable":true,"href":"https:\/\/elpueblo.com.do\/api-json\/wp\/v2\/users\/1"}],"replies":[{"embeddable":true,"href":"https:\/\/elpueblo.com.do\/api-json\/wp\/v2\/comments?post=1490"}],"version-history":[{"count":0,"href":"https:\/\/elpueblo.com.do\/api-json\/wp\/v2\/posts\/1490\/revisions"}],"wp:featuredmedia":[{"embeddable":true,"href":"https:\/\/elpueblo.com.do\/api-json\/wp\/v2\/media\/1491"}],"wp:attachment":[{"href":"https:\/\/elpueblo.com.do\/api-json\/wp\/v2\/media?parent=1490"}],"wp:term":[{"taxonomy":"category","embeddable":true,"href":"https:\/\/elpueblo.com.do\/api-json\/wp\/v2\/categories?post=1490"},{"taxonomy":"post_tag","embeddable":true,"href":"https:\/\/elpueblo.com.do\/api-json\/wp\/v2\/tags?post=1490"}],"curies":[{"name":"wp","href":"https:\/\/api.w.org\/{rel}","templated":true}]}}