{"id":1487,"date":"2022-06-21T12:37:27","date_gmt":"2022-06-21T16:37:27","guid":{"rendered":"https:\/\/elpueblo.com.do\/?p=1487"},"modified":"2022-06-21T12:37:29","modified_gmt":"2022-06-21T16:37:29","slug":"diputado-elias-matos-asegura-nueva-provincia-solo-significaria-la-eleccion-de-un-senador","status":"publish","type":"post","link":"https:\/\/elpueblo.com.do\/actualidad\/diputado-elias-matos-asegura-nueva-provincia-solo-significaria-la-eleccion-de-un-senador\/1487\/","title":{"rendered":"Diputado El\u00edas Matos asegura nueva provincia solo significar\u00eda la elecci\u00f3n de un senador"},"content":{"rendered":"\n<p>Dividir la provincia Santo Domingo para dar con una nueva bajo el nombre de Ram\u00f3n Mat\u00edas Mella no representar\u00eda un cargo electivo m\u00e1s que un senador y el gasto operacional tampoco sufrir\u00eda cambios, asegur\u00f3 el vicepresidente de la\u00a0Comisi\u00f3n Permanente de Asuntos Municipales de la C\u00e1mara de Diputados, Eliazer -El\u00edas- Matos.<\/p>\n\n\n\n<p>Al ser cuestionado en El Despertador sobre la cantidad de puestos p\u00fablicos que generar\u00eda elevar a condici\u00f3n de provincia a cuatro de los municipios que componen actualmente a Santo Domingo,\u00a0Matos asegur\u00f3 que solo ser\u00eda un representante en el Senado, ya que el proyecto no contempla la creaci\u00f3n de m\u00e1s municipios o distritos municipales.\u00a0<\/p>\n\n\n\n<p>\u201cNo crea ning\u00fan otro cargo electivo que no sea la representaci\u00f3n del senador de la provincia\u201d, insisti\u00f3 el diputado del Partido Revolucionario Moderno (PRM) por la circunscripci\u00f3n #1 del Distrito Nacional.<\/p>\n\n\n\n<p>Por otra parte, Matos aclar\u00f3 que la creaci\u00f3n de una nueva provincia no significa un aumento del gasto operacional, debido a que se mantiene la asignaci\u00f3n que desde el Senado se mantiene el mismo gasto asignado para el representante de Santo Domingo, solo que se dividir\u00eda seg\u00fan la densidad poblacional.<\/p>\n\n\n\n<p>\u201cEn este caso ser\u00eda divido por poblaci\u00f3n, 2 millones 400 mil habitantes de la provincia Santo Domingo y quedan un mill\u00f3n 240 mil y un mill\u00f3n 134 mil aqu\u00ed&#8230;, no altera nada, en lo m\u00e1s m\u00ednimo\u201d, recalc\u00f3 el legislador.<\/p>\n\n\n\n<p>Al ser cuestionado sobre si en un futuro los dem\u00e1s municipios, tambi\u00e9n quisieran descentralizarse y convertirse en nueva provincia, Matos rechaz\u00f3 la idea al advertir que \u00abno cuentan con las caracter\u00edsticas\u00bb a tomar en cuenta para esto.<\/p>\n\n\n\n<p>El diputado por PRM y vicepresidente de la comisi\u00f3n que ofreci\u00f3 el informe favorable para que los municipios de Santo Domingo Norte, Santo Domingo Oeste, Pedro Brand y Los Alcarrizos constituyan la nueva provincia que se pudiera llamar Ram\u00f3n Mat\u00edas Mella si el Senado la aprueba, considera que la raz\u00f3n principal para este paso es que se acerquen los servicios de representatividad a la poblaci\u00f3n.<\/p>\n\n\n\n<p>\u201cEncontramos una gran cantidad de favorabilidad de parte de la gente que fue a las vistas p\u00fablicas\u201d, asegur\u00f3 Matos al indicar que lo principal que solicitaban los difeentes actores participantes en la misma era el acercamiento de los servicios, \u00abque una persona de Pedro Brand no tenga que ir a Invivienda al Distrito Judicial\u00bb, agreg\u00f3.<\/p>\n\n\n\n<p>Explic\u00f3 que una vez se eleve a condici\u00f3n de provincia y con el proyecto se obtenga una descentralizaci\u00f3n de estas demarcaciones de la provincia Santo Domingo, cada una contar\u00e1 con una representaci\u00f3n de estos servicios p\u00fablicos en su territorio.<\/p>\n\n\n\n<p>Seg\u00fan el legislador, elevar a calidad de provincia a los cuatro municipios le permitir\u00e1 asignar Distrito Judicial, C\u00e1mara de Comercio, seguridad ciudadana, ya que le toca una dotaci\u00f3n policial, con la estructura para los fines de una provincia, gobernaci\u00f3n, entre otras.<\/p>\n\n\n\n<p>Adem\u00e1s explic\u00f3 que \u201ccada uno de esos servicios es con su mismo presupuesto que tienen que establecer las infraestructuras y la dotaci\u00f3n para brindar los servicios en el terreno, all\u00e1 en la comunidad\u201d.<\/p>\n\n\n\n<p>Eliazer Matos resalt\u00f3 los beneficios de la descentralizaci\u00f3n en otras demarcaciones, lo que ha permitido que \u201cla gente ya no tiene que salir de su demarcaci\u00f3n a buscar sus servicios a otra\u201d.<\/p>\n\n\n\n<p>Por otro lado, el legislador, que estudia y est\u00e1 de acuerdo con el proyecto presentado por el diputado perreme\u00edsta Tonty Rutinel Dom\u00ednguez, no ofreci\u00f3 otras alternativas a las objecciones de otros personalidades y expertos en urbanismo para acercar estos servicios sin la necesidad de crea una nueva provincia.<\/p>\n\n\n\n<p>El proyecto de ley ya se conoci\u00f3 en la C\u00e1mara de Diputados, donde solo obtuvo cuatro votos en contra y ahora pasar\u00e1 al Senado, para luego ir hasta el Ejecutivo, que tiene la responsabilidad de obsrvarla o promulgarla.<\/p>\n","protected":false},"excerpt":{"rendered":"<p>Dividir la provincia Santo Domingo para dar con una nueva bajo el nombre de Ram\u00f3n Mat\u00edas Mella no representar\u00eda un cargo electivo m\u00e1s que un senador y el gasto operacional tampoco sufrir\u00eda cambios, asegur\u00f3 el vicepresidente de la\u00a0Comisi\u00f3n Permanente de Asuntos Municipales de la C\u00e1mara de Diputados, Eliazer -El\u00edas- Matos. Al ser cuestionado en El [&hellip;]<\/p>\n","protected":false},"author":1,"featured_media":1488,"comment_status":"open","ping_status":"open","sticky":false,"template":"","format":"standard","meta":{"footnotes":""},"categories":[32,33,34],"tags":[364,242,363],"class_list":{"0":"post-1487","1":"post","2":"type-post","3":"status-publish","4":"format-standard","5":"has-post-thumbnail","7":"category-actualidad","8":"category-opinion","9":"category-politica","10":"tag-diputado","11":"tag-elias-matos-diputado","12":"tag-provincia-matias-ramon-mella"},"_links":{"self":[{"href":"https:\/\/elpueblo.com.do\/api-json\/wp\/v2\/posts\/1487","targetHints":{"allow":["GET"]}}],"collection":[{"href":"https:\/\/elpueblo.com.do\/api-json\/wp\/v2\/posts"}],"about":[{"href":"https:\/\/elpueblo.com.do\/api-json\/wp\/v2\/types\/post"}],"author":[{"embeddable":true,"href":"https:\/\/elpueblo.com.do\/api-json\/wp\/v2\/users\/1"}],"replies":[{"embeddable":true,"href":"https:\/\/elpueblo.com.do\/api-json\/wp\/v2\/comments?post=1487"}],"version-history":[{"count":0,"href":"https:\/\/elpueblo.com.do\/api-json\/wp\/v2\/posts\/1487\/revisions"}],"wp:featuredmedia":[{"embeddable":true,"href":"https:\/\/elpueblo.com.do\/api-json\/wp\/v2\/media\/1488"}],"wp:attachment":[{"href":"https:\/\/elpueblo.com.do\/api-json\/wp\/v2\/media?parent=1487"}],"wp:term":[{"taxonomy":"category","embeddable":true,"href":"https:\/\/elpueblo.com.do\/api-json\/wp\/v2\/categories?post=1487"},{"taxonomy":"post_tag","embeddable":true,"href":"https:\/\/elpueblo.com.do\/api-json\/wp\/v2\/tags?post=1487"}],"curies":[{"name":"wp","href":"https:\/\/api.w.org\/{rel}","templated":true}]}}