{"id":1482,"date":"2022-05-19T14:40:46","date_gmt":"2022-05-19T18:40:46","guid":{"rendered":"https:\/\/elpueblo.com.do\/?p=1482"},"modified":"2022-05-19T14:40:48","modified_gmt":"2022-05-19T18:40:48","slug":"dirigente-comunitario-miguel-matos-pide-un-techado-para-quita-sueno","status":"publish","type":"post","link":"https:\/\/elpueblo.com.do\/actualidad\/dirigente-comunitario-miguel-matos-pide-un-techado-para-quita-sueno\/1482\/","title":{"rendered":"Dirigente comunitario Miguel Matos pide un techado para Quita Sue\u00f1o"},"content":{"rendered":"\n<p>En la tarde de este jueves 12 de mayo, el dirigente social, pol\u00edtico y empresario del distrito municipal de Quita Sue\u00f1o, valor\u00f3 la gesti\u00f3n positiva del actual presidente de la Rep\u00fablica Luis Abinader Corona. El se\u00f1or Miguel Matos entiende que a nivel nacional el presidente maneja con prudencia y gran capacidad la situaci\u00f3n del pa\u00eds.<\/p>\n\n\n\n<p>Las consideraciones del dirigente pol\u00edtico incluyen un reconocimiento de este a la forma magistral de c\u00f3mo ha sorteado la crisis mundial que hemos padecido en especial el tema vinculado al COVID 19.<\/p>\n\n\n\n<p>En otro aspecto el dirigente perremeista en Quita Sue\u00f1o, pidi\u00f3 al presidente la construcci\u00f3n de un techado para que esta comunidad pueda brindar a la ni\u00f1ez, juventud y adultos, la oportunidad de practicar deporte en mejores condiciones y al alcance de todos.<\/p>\n\n\n\n<p>Nuestro distrito municipal tiene buenos deportistas y de seguro tendr\u00e1 mejores, en la medida que le damos el apoyo requerido. Adem\u00e1s de la posibilidad de tener un espacio para actividades culturales, educativas que beneficien nuestro pueblo. Acot\u00f3 Miguel Matos.<\/p>\n","protected":false},"excerpt":{"rendered":"<p>En la tarde de este jueves 12 de mayo, el dirigente social, pol\u00edtico y empresario del distrito municipal de Quita Sue\u00f1o, valor\u00f3 la gesti\u00f3n positiva del actual presidente de la Rep\u00fablica Luis Abinader Corona. El se\u00f1or Miguel Matos entiende que a nivel nacional el presidente maneja con prudencia y gran capacidad la situaci\u00f3n del pa\u00eds. [&hellip;]<\/p>\n","protected":false},"author":1,"featured_media":1483,"comment_status":"open","ping_status":"open","sticky":false,"template":"","format":"standard","meta":{"footnotes":""},"categories":[32,35,34,39],"tags":[362,361,299],"class_list":{"0":"post-1482","1":"post","2":"type-post","3":"status-publish","4":"format-standard","5":"has-post-thumbnail","7":"category-actualidad","8":"category-deportes","9":"category-politica","10":"category-sociales","11":"tag-miguel-matos","12":"tag-quita-sueno","13":"tag-republica-dominicana"},"_links":{"self":[{"href":"https:\/\/elpueblo.com.do\/api-json\/wp\/v2\/posts\/1482","targetHints":{"allow":["GET"]}}],"collection":[{"href":"https:\/\/elpueblo.com.do\/api-json\/wp\/v2\/posts"}],"about":[{"href":"https:\/\/elpueblo.com.do\/api-json\/wp\/v2\/types\/post"}],"author":[{"embeddable":true,"href":"https:\/\/elpueblo.com.do\/api-json\/wp\/v2\/users\/1"}],"replies":[{"embeddable":true,"href":"https:\/\/elpueblo.com.do\/api-json\/wp\/v2\/comments?post=1482"}],"version-history":[{"count":0,"href":"https:\/\/elpueblo.com.do\/api-json\/wp\/v2\/posts\/1482\/revisions"}],"wp:featuredmedia":[{"embeddable":true,"href":"https:\/\/elpueblo.com.do\/api-json\/wp\/v2\/media\/1483"}],"wp:attachment":[{"href":"https:\/\/elpueblo.com.do\/api-json\/wp\/v2\/media?parent=1482"}],"wp:term":[{"taxonomy":"category","embeddable":true,"href":"https:\/\/elpueblo.com.do\/api-json\/wp\/v2\/categories?post=1482"},{"taxonomy":"post_tag","embeddable":true,"href":"https:\/\/elpueblo.com.do\/api-json\/wp\/v2\/tags?post=1482"}],"curies":[{"name":"wp","href":"https:\/\/api.w.org\/{rel}","templated":true}]}}