{"id":1479,"date":"2022-05-11T13:04:13","date_gmt":"2022-05-11T17:04:13","guid":{"rendered":"https:\/\/elpueblo.com.do\/?p=1479"},"modified":"2022-05-11T13:04:15","modified_gmt":"2022-05-11T17:04:15","slug":"manuel-arciniegas-ve-positiva-la-continuidad-paliza-y-carolina-al-frente-del-prm","status":"publish","type":"post","link":"https:\/\/elpueblo.com.do\/actualidad\/manuel-arciniegas-ve-positiva-la-continuidad-paliza-y-carolina-al-frente-del-prm\/1479\/","title":{"rendered":"Manuel Arciniegas ve positiva la continuidad Paliza y Carolina al frente del PRM"},"content":{"rendered":"\n<p>Como parte de la din\u00e1mica que impone la necesidad de renovar la direcci\u00f3n nacional del partido oficialista, el joven empresario y miembro del partido en el DN, entiende como muy positiva y necesaria la propuesta de que tanto Carolina Mej\u00eda como Jos\u00e9 Ignacio Paliza, contin\u00faen dirigiendo esa fuerza pol\u00edtica.<\/p>\n\n\n\n<p>Para el joven Arciniegas, el trabajo de estos directivos perremeistas, representa un ejemplo admirable de lo que puede lograr una estructura pol\u00edtica, sujeta a la disciplina, concordia, respeto y la conciliaci\u00f3n como norma de conducta en un r\u00e9gimen eminentemente democr\u00e1tico.<\/p>\n\n\n\n<p>Tener una mujer del carisma, cercan\u00eda y capacidad de Carolina, junto a la juventud, formaci\u00f3n y talento de Paliza, han dado resultados m\u00e1s que suficientes para que el PRM marche, primero a consolidar sus estructuras, luego acceder al poder y ahora el reto es continuar en el mismo.<\/p>\n\n\n\n<p>Dirigir una instituci\u00f3n Democr\u00e1tica y plural como este partido, no es tarea de acusiosos desbordados y valientes anegados, se necesita ecuanimidad, mesura, capacidad de escuchar y la intenci\u00f3n real de que este proyecto de poder se consolide m\u00e1s all\u00e1 de la coyuntura. Acot\u00f3 el empresario Manuel Arciniegas.<\/p>\n","protected":false},"excerpt":{"rendered":"<p>Como parte de la din\u00e1mica que impone la necesidad de renovar la direcci\u00f3n nacional del partido oficialista, el joven empresario y miembro del partido en el DN, entiende como muy positiva y necesaria la propuesta de que tanto Carolina Mej\u00eda como Jos\u00e9 Ignacio Paliza, contin\u00faen dirigiendo esa fuerza pol\u00edtica. Para el joven Arciniegas, el trabajo [&hellip;]<\/p>\n","protected":false},"author":1,"featured_media":1480,"comment_status":"open","ping_status":"open","sticky":false,"template":"","format":"standard","meta":{"footnotes":""},"categories":[32,34],"tags":[360,103],"class_list":{"0":"post-1479","1":"post","2":"type-post","3":"status-publish","4":"format-standard","5":"has-post-thumbnail","7":"category-actualidad","8":"category-politica","9":"tag-manuel-arciniegas","10":"tag-prm"},"_links":{"self":[{"href":"https:\/\/elpueblo.com.do\/api-json\/wp\/v2\/posts\/1479","targetHints":{"allow":["GET"]}}],"collection":[{"href":"https:\/\/elpueblo.com.do\/api-json\/wp\/v2\/posts"}],"about":[{"href":"https:\/\/elpueblo.com.do\/api-json\/wp\/v2\/types\/post"}],"author":[{"embeddable":true,"href":"https:\/\/elpueblo.com.do\/api-json\/wp\/v2\/users\/1"}],"replies":[{"embeddable":true,"href":"https:\/\/elpueblo.com.do\/api-json\/wp\/v2\/comments?post=1479"}],"version-history":[{"count":0,"href":"https:\/\/elpueblo.com.do\/api-json\/wp\/v2\/posts\/1479\/revisions"}],"wp:featuredmedia":[{"embeddable":true,"href":"https:\/\/elpueblo.com.do\/api-json\/wp\/v2\/media\/1480"}],"wp:attachment":[{"href":"https:\/\/elpueblo.com.do\/api-json\/wp\/v2\/media?parent=1479"}],"wp:term":[{"taxonomy":"category","embeddable":true,"href":"https:\/\/elpueblo.com.do\/api-json\/wp\/v2\/categories?post=1479"},{"taxonomy":"post_tag","embeddable":true,"href":"https:\/\/elpueblo.com.do\/api-json\/wp\/v2\/tags?post=1479"}],"curies":[{"name":"wp","href":"https:\/\/api.w.org\/{rel}","templated":true}]}}