{"id":1476,"date":"2022-05-11T00:16:12","date_gmt":"2022-05-11T04:16:12","guid":{"rendered":"https:\/\/elpueblo.com.do\/?p=1476"},"modified":"2022-05-11T00:16:14","modified_gmt":"2022-05-11T04:16:14","slug":"la-secretaria-nacional-de-asuntos-internaciones-del-prm-estara-presente-en-el-encuentro-sobre-las-coaliciones-politicas-y-los-desafios-para-america-latina-a-celebrarse-en-uruguay","status":"publish","type":"post","link":"https:\/\/elpueblo.com.do\/actualidad\/la-secretaria-nacional-de-asuntos-internaciones-del-prm-estara-presente-en-el-encuentro-sobre-las-coaliciones-politicas-y-los-desafios-para-america-latina-a-celebrarse-en-uruguay\/1476\/","title":{"rendered":"La Secretaria Nacional de Asuntos internaciones del PRM estar\u00e1 presente en el encuentro sobre \u00abLas Coaliciones Pol\u00edticas y los Desaf\u00edos para Am\u00e9rica Latina\u00bb a celebrarse en Uruguay."},"content":{"rendered":"\n<p>Santo Domingo, D.N. La Secretaria Nacional de Asuntos internaciones del PRM (Partido Revolucionario Moderno), estar\u00e1 presente en el encuentro sobre \u00abLas Coaliciones Pol\u00edticas y los Desaf\u00edos para Am\u00e9rica Latina\u00bb a celebrarse en Montevideo, Uruguay. En representaci\u00f3n del PRM estar\u00e1n asistiendo Luz Obid Segura y Avril Rodr\u00edguez de la Secretaria de Asuntos Internaciones.<br>Luz Obid Segura, es representante del Cap\u00edtulo G\u00e9nero para PAOLA Internacional y Avril Reyes Rodr\u00edguez funge como Viceministra de Extensi\u00f3n Regional del Ministerio de la Juventud y Vicepresidente Mundial de la Uni\u00f3n Internacional de Juventud Socialista.<\/p>\n\n\n\n<p>Este encuentro se llevar\u00e1 a cabo desde el 10 de mayo al 14 de mayo del 2022 en la capital uruguaya, teniendo como objetivo contribuir a un desarrollo democr\u00e1tico, sostenible e impositivo en los pa\u00edses en los que el programa se desarrolla, junto a los partidos pol\u00edticos y las organizaciones participantes.<\/p>\n","protected":false},"excerpt":{"rendered":"<p>Santo Domingo, D.N. La Secretaria Nacional de Asuntos internaciones del PRM (Partido Revolucionario Moderno), estar\u00e1 presente en el encuentro sobre \u00abLas Coaliciones Pol\u00edticas y los Desaf\u00edos para Am\u00e9rica Latina\u00bb a celebrarse en Montevideo, Uruguay. En representaci\u00f3n del PRM estar\u00e1n asistiendo Luz Obid Segura y Avril Rodr\u00edguez de la Secretaria de Asuntos Internaciones.Luz Obid Segura, es [&hellip;]<\/p>\n","protected":false},"author":1,"featured_media":1477,"comment_status":"open","ping_status":"open","sticky":false,"template":"","format":"standard","meta":{"footnotes":""},"categories":[32,34],"tags":[103],"class_list":{"0":"post-1476","1":"post","2":"type-post","3":"status-publish","4":"format-standard","5":"has-post-thumbnail","7":"category-actualidad","8":"category-politica","9":"tag-prm"},"_links":{"self":[{"href":"https:\/\/elpueblo.com.do\/api-json\/wp\/v2\/posts\/1476","targetHints":{"allow":["GET"]}}],"collection":[{"href":"https:\/\/elpueblo.com.do\/api-json\/wp\/v2\/posts"}],"about":[{"href":"https:\/\/elpueblo.com.do\/api-json\/wp\/v2\/types\/post"}],"author":[{"embeddable":true,"href":"https:\/\/elpueblo.com.do\/api-json\/wp\/v2\/users\/1"}],"replies":[{"embeddable":true,"href":"https:\/\/elpueblo.com.do\/api-json\/wp\/v2\/comments?post=1476"}],"version-history":[{"count":0,"href":"https:\/\/elpueblo.com.do\/api-json\/wp\/v2\/posts\/1476\/revisions"}],"wp:featuredmedia":[{"embeddable":true,"href":"https:\/\/elpueblo.com.do\/api-json\/wp\/v2\/media\/1477"}],"wp:attachment":[{"href":"https:\/\/elpueblo.com.do\/api-json\/wp\/v2\/media?parent=1476"}],"wp:term":[{"taxonomy":"category","embeddable":true,"href":"https:\/\/elpueblo.com.do\/api-json\/wp\/v2\/categories?post=1476"},{"taxonomy":"post_tag","embeddable":true,"href":"https:\/\/elpueblo.com.do\/api-json\/wp\/v2\/tags?post=1476"}],"curies":[{"name":"wp","href":"https:\/\/api.w.org\/{rel}","templated":true}]}}