{"id":1474,"date":"2022-05-08T19:05:27","date_gmt":"2022-05-08T23:05:27","guid":{"rendered":"https:\/\/elpueblo.com.do\/?p=1474"},"modified":"2022-05-08T19:05:30","modified_gmt":"2022-05-08T23:05:30","slug":"rafael-feliz-podria-ser-el-proximo-presidente-de-la-jrm","status":"publish","type":"post","link":"https:\/\/elpueblo.com.do\/actualidad\/rafael-feliz-podria-ser-el-proximo-presidente-de-la-jrm\/1474\/","title":{"rendered":"Rafael Feliz podr\u00eda ser el pr\u00f3ximo presidente de la JRM"},"content":{"rendered":"\n<p>En medio del calor abrazador de una tarde de mayo, es mucho lo que se puede leer en los diferentes medios digitales. En esa oferta informativa, sale a relucir la intenci\u00f3n de algunos j\u00f3venes por tomar acci\u00f3n en la direcci\u00f3n nacional de la juventud del Partido Revolucionario Moderno.<\/p>\n\n\n\n<p>Para algunos puede resultar arriesgado, pero, deseo expresar mi humilde parecer respecto al tema de tanta importancia para la juventud del partido de gobierno y por l\u00f3gica el m\u00e1s importante en la coyuntura actual, que se pudiere afianzar en funci\u00f3n de la inteligencia y prudencia con la que se maneje este proceso.<\/p>\n\n\n\n<p>A pesar de tener muchos j\u00f3venes con talento, preparaci\u00f3n y dedicaci\u00f3n para la pr\u00e1ctica pol\u00edtica,son contados los casos de j\u00f3venes interesados en asumir tareas de pol\u00edtica partidaria que trascienda el momento de proyectar una fotograf\u00eda en redes sociales o usarle para presumir y proyectar liderazgos, que no se sustentan en una carrera, sino, solo exhiben la oportunidad de ser descendientes o canchanchanes de uno que otro afortunado de la coyuntura y la cercan\u00eda del poder.<\/p>\n\n\n\n<p>Es bueno resaltar que Rafael Feliz es un joven profesional que va demostrando con su accionar, tener la capacidad y manejo de armonizar intereses en una instituci\u00f3n, que ha sido testigo en los \u00faltimos meses, de momentos que contrastan con la importancia y naturaleza para el que fue creado el organo responsable de las pol\u00edticas de juventud.<\/p>\n\n\n\n<p>Un joven que no se le puede atribuir descendencia o cercan\u00eda con alguno de los l\u00edderes o figuras vinculadas al poder, hecho que quiz\u00e1s, explicar\u00eda para algunos, la raz\u00f3n de su elecci\u00f3n al frente de la instituci\u00f3n.<\/p>\n\n\n\n<p>Manejar sin esc\u00e1ndalos, con un marcado activismo social y pol\u00edtico dentro del marco de sus responsabilidades, sumado a la tranquilidad y seguridad que ha generado en los sectores vinculados a la juventud, podr\u00eda motivar el ejercicio de coherencia pol\u00edtica y gerencial al empoderar a Ninito Feliz como se le conoce, al frente de la JRM y de paso marcar el inicio de una nueva era para la juventud partidaria.<\/p>\n\n\n\n<p>Razones como estas y otras que oportunamente saldr\u00e1n, puede estar dando paso a una eventual y segura candidatura para presidir la JRM en el proximo evento convencional de los frentes sectoriales del Partido Revolucionario Moderno.<\/p>\n","protected":false},"excerpt":{"rendered":"<p>En medio del calor abrazador de una tarde de mayo, es mucho lo que se puede leer en los diferentes medios digitales. En esa oferta informativa, sale a relucir la intenci\u00f3n de algunos j\u00f3venes por tomar acci\u00f3n en la direcci\u00f3n nacional de la juventud del Partido Revolucionario Moderno. Para algunos puede resultar arriesgado, pero, deseo [&hellip;]<\/p>\n","protected":false},"author":1,"featured_media":0,"comment_status":"open","ping_status":"open","sticky":false,"template":"","format":"standard","meta":{"footnotes":""},"categories":[32],"tags":[358,103,359],"class_list":{"0":"post-1474","1":"post","2":"type-post","3":"status-publish","4":"format-standard","6":"category-actualidad","7":"tag-jrm","8":"tag-prm","9":"tag-rafael-feliz"},"_links":{"self":[{"href":"https:\/\/elpueblo.com.do\/api-json\/wp\/v2\/posts\/1474","targetHints":{"allow":["GET"]}}],"collection":[{"href":"https:\/\/elpueblo.com.do\/api-json\/wp\/v2\/posts"}],"about":[{"href":"https:\/\/elpueblo.com.do\/api-json\/wp\/v2\/types\/post"}],"author":[{"embeddable":true,"href":"https:\/\/elpueblo.com.do\/api-json\/wp\/v2\/users\/1"}],"replies":[{"embeddable":true,"href":"https:\/\/elpueblo.com.do\/api-json\/wp\/v2\/comments?post=1474"}],"version-history":[{"count":0,"href":"https:\/\/elpueblo.com.do\/api-json\/wp\/v2\/posts\/1474\/revisions"}],"wp:attachment":[{"href":"https:\/\/elpueblo.com.do\/api-json\/wp\/v2\/media?parent=1474"}],"wp:term":[{"taxonomy":"category","embeddable":true,"href":"https:\/\/elpueblo.com.do\/api-json\/wp\/v2\/categories?post=1474"},{"taxonomy":"post_tag","embeddable":true,"href":"https:\/\/elpueblo.com.do\/api-json\/wp\/v2\/tags?post=1474"}],"curies":[{"name":"wp","href":"https:\/\/api.w.org\/{rel}","templated":true}]}}