{"id":1469,"date":"2022-04-29T19:13:55","date_gmt":"2022-04-29T23:13:55","guid":{"rendered":"https:\/\/elpueblo.com.do\/?p=1469"},"modified":"2022-04-29T19:13:57","modified_gmt":"2022-04-29T23:13:57","slug":"idoppril-abre-nueva-oficina-en-moca","status":"publish","type":"post","link":"https:\/\/elpueblo.com.do\/actualidad\/idoppril-abre-nueva-oficina-en-moca\/1469\/","title":{"rendered":"IDOPPRIL abre nueva oficina en Moca"},"content":{"rendered":"\n<p>MOCA, Provincia Espaillat.- El Instituto Dominicano de Prevenci\u00f3n y Protecci\u00f3n de Riesgos Laborales (IDOPPRIL) entreg\u00f3 este viernes su nueva oficina de atenci\u00f3n a los afiliados en la provincia Espaillat, con lo que contin\u00faa acercando la instituci\u00f3n y facilitando el acceso r\u00e1pido a los beneficios que otorga la Ley 397-19 a sus asegurados.<\/p>\n\n\n\n<p>El director de la entidad Fausto L\u00f3pez Sol\u00eds afirma nuevo espacio servir\u00e1 para facilitar acceso a beneficios corresponden a los afiliados afectados por accidentes laborales, en la zona.<\/p>\n","protected":false},"excerpt":{"rendered":"<p>MOCA, Provincia Espaillat.- El Instituto Dominicano de Prevenci\u00f3n y Protecci\u00f3n de Riesgos Laborales (IDOPPRIL) entreg\u00f3 este viernes su nueva oficina de atenci\u00f3n a los afiliados en la provincia Espaillat, con lo que contin\u00faa acercando la instituci\u00f3n y facilitando el acceso r\u00e1pido a los beneficios que otorga la Ley 397-19 a sus asegurados. El director de [&hellip;]<\/p>\n","protected":false},"author":1,"featured_media":1471,"comment_status":"open","ping_status":"open","sticky":false,"template":"","format":"standard","meta":{"footnotes":""},"categories":[32,41,37],"tags":[],"class_list":{"0":"post-1469","1":"post","2":"type-post","3":"status-publish","4":"format-standard","5":"has-post-thumbnail","7":"category-actualidad","8":"category-economia","9":"category-salud"},"_links":{"self":[{"href":"https:\/\/elpueblo.com.do\/api-json\/wp\/v2\/posts\/1469","targetHints":{"allow":["GET"]}}],"collection":[{"href":"https:\/\/elpueblo.com.do\/api-json\/wp\/v2\/posts"}],"about":[{"href":"https:\/\/elpueblo.com.do\/api-json\/wp\/v2\/types\/post"}],"author":[{"embeddable":true,"href":"https:\/\/elpueblo.com.do\/api-json\/wp\/v2\/users\/1"}],"replies":[{"embeddable":true,"href":"https:\/\/elpueblo.com.do\/api-json\/wp\/v2\/comments?post=1469"}],"version-history":[{"count":0,"href":"https:\/\/elpueblo.com.do\/api-json\/wp\/v2\/posts\/1469\/revisions"}],"wp:featuredmedia":[{"embeddable":true,"href":"https:\/\/elpueblo.com.do\/api-json\/wp\/v2\/media\/1471"}],"wp:attachment":[{"href":"https:\/\/elpueblo.com.do\/api-json\/wp\/v2\/media?parent=1469"}],"wp:term":[{"taxonomy":"category","embeddable":true,"href":"https:\/\/elpueblo.com.do\/api-json\/wp\/v2\/categories?post=1469"},{"taxonomy":"post_tag","embeddable":true,"href":"https:\/\/elpueblo.com.do\/api-json\/wp\/v2\/tags?post=1469"}],"curies":[{"name":"wp","href":"https:\/\/api.w.org\/{rel}","templated":true}]}}