{"id":1466,"date":"2022-04-27T19:11:58","date_gmt":"2022-04-27T23:11:58","guid":{"rendered":"https:\/\/elpueblo.com.do\/?p=1466"},"modified":"2022-04-27T19:12:00","modified_gmt":"2022-04-27T23:12:00","slug":"indhira-morel-una-realidad-politica-en-la-juventud-del-distrito-nacional","status":"publish","type":"post","link":"https:\/\/elpueblo.com.do\/actualidad\/indhira-morel-una-realidad-politica-en-la-juventud-del-distrito-nacional\/1466\/","title":{"rendered":"Indhira Morel: una realidad pol\u00edtica en la juventud del Distrito Nacional"},"content":{"rendered":"\n<p><strong>Santo domingo.<\/strong>\u00a0&#8211; La dirigente pol\u00edtica y aspirante a la presidencia de la Juventud del Partido Revolucionario Moderno en el Distrito Nacional,\u00a0Licda.\u00a0Indhira\u00a0Morel en un comunicado v\u00eda sus redes sociales expuso su deseo de optar por un puesto en la Juventud Revolucionaria Moderna y as\u00ed poder sumar voluntades en favor de los j\u00f3venes de su demarcaci\u00f3n.\u00a0<\/p>\n\n\n\n<p>Morel expres\u00f3 \u00abc\u00f3mo Juventud emergente de nuestro partido que busca solidificar y ayudar al desarrollo Institucional de nuestra estructura partidaria, nos hemos visto en la necesidad y voluntad de poner todas nuestras fuerzas en favor de la JRM\u00bb. &nbsp;<\/p>\n\n\n\n<p>Asimismo, pidi\u00f3 a sus compa\u00f1eros de partido \u00abtrabajemos Juntos, ya qu\u00e9 Juntos ganamos todos, se los digo con la m\u00e1s alta sinceridad que representar\u00e9 con orgullo a la mujer, la Juventud y velar\u00e9 para qu\u00e9 el fuego revolucionario nunca se apagu\u00e9\u00bb.&nbsp;<\/p>\n\n\n\n<p>Tambi\u00e9n, dej\u00f3 en claro que est\u00e9 reto de aceptar est\u00e1s aspiraciones se dieron mediante consultas y motivaciones de sus compa\u00f1eros de partido, los cu\u00e1les conocen de su trabajo pol\u00edtico, tanto en el Distrito Nacional como a nivel nacional y que saben su gran deseo de trabajar en&nbsp;pro de la Juventud.&nbsp;<\/p>\n\n\n\n<p>\u00abcon la honestidad y la transparencia que me caracteriza y que son fundamentales para lograr el desarrollo que queremos como partido, les pido que me acompa\u00f1en en este caminar pol\u00edtico que m\u00e1s que una ficci\u00f3n es la realidad&nbsp;institucional&nbsp;que todo buen&nbsp;Perremeista&nbsp;desea\u00bb. apunt\u00f3 Morel.&nbsp;<\/p>\n\n\n\n<p><strong>SOBRE INDHIRA&nbsp;<\/strong><strong>MOREL.&nbsp;<\/strong><\/p>\n\n\n\n<p>Nacida en Santo Domingo, hija de Antonio Morel y\u00a0Yuly Yanet Lebr\u00f3n y es madre de tres hijos: Ricardo, Solange y Gael Sebasti\u00e1n y esposa del ciclista dominicano Junior Reyes.\u00a0<\/p>\n\n\n\n<p>Graduada en Psicolog\u00eda Laboral en la Universidad Cat\u00f3lica de Santo Domingo, realizando estudios de Maestr\u00eda en Gesti\u00f3n de Recursos Humanos en la Universidad Aut\u00f3noma de Santo Domingo.&nbsp;Asimismo,&nbsp;realiz\u00f3 estudios de Formaci\u00f3n del Desarrollo humano, Derechos, Secularidad, y Ciencias en las Pol\u00edticas P\u00fablicas en la escuela de Ministerio de la Mujer.&nbsp;<\/p>\n\n\n\n<p>Ha cursado diversos&nbsp;diplomados,&nbsp;tales como: Alta Gerencia, Selecci\u00f3n y Reclutamiento&nbsp;de&nbsp;Personal&nbsp;y&nbsp;Derecho&nbsp;Laboral.Actualmente es la&nbsp;directora&nbsp;Ejecutiva&nbsp;de la&nbsp;Circ&nbsp;1 del Distrito Nacional de la Juventud con Luis&nbsp;Abinader&nbsp;(JLAP) y Enlace&nbsp;Operacional.<\/p>\n","protected":false},"excerpt":{"rendered":"<p>Santo domingo.\u00a0&#8211; La dirigente pol\u00edtica y aspirante a la presidencia de la Juventud del Partido Revolucionario Moderno en el Distrito Nacional,\u00a0Licda.\u00a0Indhira\u00a0Morel en un comunicado v\u00eda sus redes sociales expuso su deseo de optar por un puesto en la Juventud Revolucionaria Moderna y as\u00ed poder sumar voluntades en favor de los j\u00f3venes de su demarcaci\u00f3n.\u00a0 Morel [&hellip;]<\/p>\n","protected":false},"author":1,"featured_media":1467,"comment_status":"open","ping_status":"open","sticky":false,"template":"","format":"standard","meta":{"footnotes":""},"categories":[32,34],"tags":[292,355,103],"class_list":{"0":"post-1466","1":"post","2":"type-post","3":"status-publish","4":"format-standard","5":"has-post-thumbnail","7":"category-actualidad","8":"category-politica","9":"tag-distrito-nacional","10":"tag-juventud","11":"tag-prm"},"_links":{"self":[{"href":"https:\/\/elpueblo.com.do\/api-json\/wp\/v2\/posts\/1466","targetHints":{"allow":["GET"]}}],"collection":[{"href":"https:\/\/elpueblo.com.do\/api-json\/wp\/v2\/posts"}],"about":[{"href":"https:\/\/elpueblo.com.do\/api-json\/wp\/v2\/types\/post"}],"author":[{"embeddable":true,"href":"https:\/\/elpueblo.com.do\/api-json\/wp\/v2\/users\/1"}],"replies":[{"embeddable":true,"href":"https:\/\/elpueblo.com.do\/api-json\/wp\/v2\/comments?post=1466"}],"version-history":[{"count":0,"href":"https:\/\/elpueblo.com.do\/api-json\/wp\/v2\/posts\/1466\/revisions"}],"wp:featuredmedia":[{"embeddable":true,"href":"https:\/\/elpueblo.com.do\/api-json\/wp\/v2\/media\/1467"}],"wp:attachment":[{"href":"https:\/\/elpueblo.com.do\/api-json\/wp\/v2\/media?parent=1466"}],"wp:term":[{"taxonomy":"category","embeddable":true,"href":"https:\/\/elpueblo.com.do\/api-json\/wp\/v2\/categories?post=1466"},{"taxonomy":"post_tag","embeddable":true,"href":"https:\/\/elpueblo.com.do\/api-json\/wp\/v2\/tags?post=1466"}],"curies":[{"name":"wp","href":"https:\/\/api.w.org\/{rel}","templated":true}]}}