{"id":1464,"date":"2022-04-24T08:49:08","date_gmt":"2022-04-24T12:49:08","guid":{"rendered":"https:\/\/elpueblo.com.do\/?p=1464"},"modified":"2022-04-24T08:49:10","modified_gmt":"2022-04-24T12:49:10","slug":"carolina-mejia-y-adn-a-dos-anos","status":"publish","type":"post","link":"https:\/\/elpueblo.com.do\/actualidad\/carolina-mejia-y-adn-a-dos-anos\/1464\/","title":{"rendered":"Carolina Mej\u00eda y ADN a dos a\u00f1os"},"content":{"rendered":"\n<p>En una sociedad marcada por el sub desarrollo e impactada a trav\u00e9s de su historia por una alta manifestaci\u00f3n de las m\u00e1s genuinas e inmisericordes expresiones del machismo. Resulta dif\u00edcil que el imaginario colectivo acepte y conf\u00ede en el liderazgo femenino.<\/p>\n\n\n\n<p>Razones como est\u00e1 junto a otros factores, han estado presente a la hora de que se le otorgue autoridad y poder de decisi\u00f3n a la mujer, en temas que vinculan la toma de decisiones en funciones p\u00fablicas a niveles que pudieren ser determinantes.<\/p>\n\n\n\n<p>Observar la historia donde hasta hace poco la mujer no hab\u00eda llegado a la Vice Presidencia, solo algunas alcald\u00edas, diputaciones, regidurias y muy contadas excepciones como senadoras. Para muchos dominicanos, representaba una inc\u00f3gnita tener una mujer en la responsabilidad de la alcald\u00eda m\u00e1s importante del pa\u00eds. En este caso hablamos de la alcald\u00eda del Distrito Nacional.<\/p>\n\n\n\n<p>De manera muy positiva podemos concluir que la elecci\u00f3n hace dos a\u00f1os de la primera mujer en la alcald\u00eda del DN. La muy carism\u00e1tica y cercana dama de trato afable que cautiva a todos cuantos tienen el honor de compartir con Carolina Mej\u00eda.<\/p>\n\n\n\n<p>Llegar a la alcald\u00eda en medio de una crisis sanitaria matizada por el COVID 19, Luego asumir en medio de lo que signific\u00f3 los primeros 18 meses de esta pandemia y las consecuencias econ\u00f3micas y sociales que a todos los niveles provoc\u00f3 esta.<\/p>\n\n\n\n<p>Sin embargo Carolina Mej\u00eda, enfocada, decidida, empoderada y con una capacidad gerencial que le hace merecedora del reconocimiento de aquellos con quienes comparte de alguna forma las tareas de la capital. Ha demostrado que se puede ser mujer, en una sociedad machista y marcar un territorio que trasciende la miop\u00eda propia de quienes viven aferrados a ideas trasnochadas y alejadas de una realidad global que implica el reconocimiento de la capacidad de un ser humano m\u00e1s all\u00e1 del g\u00e9nero con que Dios le ha privilegiado.<\/p>\n\n\n\n<p>Es una cotidianidad, ver a la alcaldesa mostrar sus dotes de liderazgo al guiar con gran habilidad una legi\u00f3n de hombres y mujeres que como equipo le ayudan a generar confianza y ganarse el aprecio de una ciudad que ve una mujer que a dos a\u00f1os de gesti\u00f3n, puede levantar bandera de la eficiencia, cercan\u00eda, desarrollo y transparencia m\u00e1s all\u00e1 de la mezquindad impenitente de aquellos privilegiados por la envidia, gran aliada de quienes no conocen que la buena gesti\u00f3n no tiene g\u00e9nero y que solo espera que cada incumbente asuma su rol, cumpla su plan de gobierno y procure impactar positivamente su pueblo<\/p>\n\n\n\n<p>Indudablemente Carolina Mej\u00eda la primera de la primada, escribe con tinta de \u00e9xitos las p\u00e1ginas de una historia p\u00fablica digna del reconocimiento de todos.<\/p>\n","protected":false},"excerpt":{"rendered":"<p>En una sociedad marcada por el sub desarrollo e impactada a trav\u00e9s de su historia por una alta manifestaci\u00f3n de las m\u00e1s genuinas e inmisericordes expresiones del machismo. Resulta dif\u00edcil que el imaginario colectivo acepte y conf\u00ede en el liderazgo femenino. Razones como est\u00e1 junto a otros factores, han estado presente a la hora de [&hellip;]<\/p>\n","protected":false},"author":5,"featured_media":1426,"comment_status":"open","ping_status":"open","sticky":false,"template":"","format":"standard","meta":{"footnotes":""},"categories":[32,34],"tags":[324,270,356],"class_list":{"0":"post-1464","1":"post","2":"type-post","3":"status-publish","4":"format-standard","5":"has-post-thumbnail","7":"category-actualidad","8":"category-politica","9":"tag-alcaldia-del-distrito-nacional","10":"tag-carolina-mejia-2","11":"tag-gestion"},"_links":{"self":[{"href":"https:\/\/elpueblo.com.do\/api-json\/wp\/v2\/posts\/1464","targetHints":{"allow":["GET"]}}],"collection":[{"href":"https:\/\/elpueblo.com.do\/api-json\/wp\/v2\/posts"}],"about":[{"href":"https:\/\/elpueblo.com.do\/api-json\/wp\/v2\/types\/post"}],"author":[{"embeddable":true,"href":"https:\/\/elpueblo.com.do\/api-json\/wp\/v2\/users\/5"}],"replies":[{"embeddable":true,"href":"https:\/\/elpueblo.com.do\/api-json\/wp\/v2\/comments?post=1464"}],"version-history":[{"count":0,"href":"https:\/\/elpueblo.com.do\/api-json\/wp\/v2\/posts\/1464\/revisions"}],"wp:featuredmedia":[{"embeddable":true,"href":"https:\/\/elpueblo.com.do\/api-json\/wp\/v2\/media\/1426"}],"wp:attachment":[{"href":"https:\/\/elpueblo.com.do\/api-json\/wp\/v2\/media?parent=1464"}],"wp:term":[{"taxonomy":"category","embeddable":true,"href":"https:\/\/elpueblo.com.do\/api-json\/wp\/v2\/categories?post=1464"},{"taxonomy":"post_tag","embeddable":true,"href":"https:\/\/elpueblo.com.do\/api-json\/wp\/v2\/tags?post=1464"}],"curies":[{"name":"wp","href":"https:\/\/api.w.org\/{rel}","templated":true}]}}