{"id":1461,"date":"2022-02-26T18:27:04","date_gmt":"2022-02-26T22:27:04","guid":{"rendered":"https:\/\/elpueblo.com.do\/?p=1461"},"modified":"2022-02-26T18:27:04","modified_gmt":"2022-02-26T22:27:04","slug":"joaquin-fernandez-lanza-aspiraciones-a-la-secretaria-general-de-la-juventud-del-prm","status":"publish","type":"post","link":"https:\/\/elpueblo.com.do\/actualidad\/joaquin-fernandez-lanza-aspiraciones-a-la-secretaria-general-de-la-juventud-del-prm\/1461\/","title":{"rendered":"Joaqu\u00edn Fern\u00e1ndez lanza aspiraciones a la Secretar\u00eda General de la Juventud del PRM"},"content":{"rendered":"\n<p><strong>Joaqu\u00edn Fern\u00e1ndez<\/strong>, joven dirigente del Partido Revolucionario Moderno, lanz\u00f3 este viernes sus aspiraciones a la Secretar\u00eda General de la Juventud Revolucionaria Moderna (JRM), a escogerse en la pr\u00f3xima convenci\u00f3n ordinaria de la organizaci\u00f3n pol\u00edtica.<\/p>\n\n\n\n<p>Fern\u00e1ndez, quien es abogado y servidor p\u00fablico, expres\u00f3 que pretende impulsar desde esa posici\u00f3n importantes cambios, as\u00ed como continuar las buenas pr\u00e1cticas a lo interno de la juventud, que logren reposicionar a este sector de importancia para los procesos electorales.<\/p>\n\n\n\n<p>\u201cHoy decido dar un paso al frente y asumir un nuevo reto en lo que ha sido mi carrera pol\u00edtica, para seguir trabajando a favor del desarrollo de nuestro PRM, pero ahora desde nuevas latitudes. Con la misma ilusi\u00f3n del joven de Los Mina que soy, pero con la determinaci\u00f3n y experiencia que me ha dado el servicio p\u00fablico\u201d, afirm\u00f3 Fern\u00e1ndez.<\/p>\n\n\n\n<p>A trav\u00e9s de un comunicado, el dirigente pol\u00edtico, quien actualmente es secretario nacional del crecimiento de la juventud del PRM, dijo que trabajar\u00e1 para conectar a la juventud con la sociedad, abogar por formaci\u00f3n pol\u00edtica que acerque m\u00e1s a los j\u00f3venes a la ideolog\u00eda del l\u00edder de masa, Jos\u00e9 Francisco Pe\u00f1a G\u00f3mez.<\/p>\n\n\n\n<p>Manifest\u00f3 que \u201cen este preciso momento es hora de continuar trabajando para seguir fortaleciendo el partido y del mismo modo seguir fortaleciendo el gobierno que encabeza nuestro presidente Luis Abinader. Los J\u00f3venes han jugado un rol hist\u00f3rico en el pa\u00eds, el partido y los pueblos y mi aspiraci\u00f3n es que est\u00e1 no sea la excepci\u00f3n, que continuemos los j\u00f3venes conquistando espacios y oportunidades\u201d.<\/p>\n\n\n\n<p>El tambi\u00e9n miembro de la comisi\u00f3n pol\u00edtica de la juventud consider\u00f3 que las nuevas autoridades de esa organizaci\u00f3n, que se escoger\u00e1n, deben impulsar una transici\u00f3n de su direcci\u00f3n apegada a la pluralidad pol\u00edtica y la legitimidad partidaria que le permita a la instituci\u00f3n seguir apegada a las causas ciudadanas.<\/p>\n\n\n\n<p>El dirigente present\u00f3 un plan de acci\u00f3n a ejecutarse desde la Secretar\u00eda de la Juventud del PRM en el que se incluyen los talleres de formaci\u00f3n y liderazgo pol\u00edtico, con el fin de incentivar la preparaci\u00f3n y participaci\u00f3n de los j\u00f3venes militantes del partido.<\/p>\n","protected":false},"excerpt":{"rendered":"<p>Joaqu\u00edn Fern\u00e1ndez, joven dirigente del Partido Revolucionario Moderno, lanz\u00f3 este viernes sus aspiraciones a la Secretar\u00eda General de la Juventud Revolucionaria Moderna (JRM), a escogerse en la pr\u00f3xima convenci\u00f3n ordinaria de la organizaci\u00f3n pol\u00edtica. Fern\u00e1ndez, quien es abogado y servidor p\u00fablico, expres\u00f3 que pretende impulsar desde esa posici\u00f3n importantes cambios, as\u00ed como continuar las buenas [&hellip;]<\/p>\n","protected":false},"author":1,"featured_media":1462,"comment_status":"open","ping_status":"open","sticky":false,"template":"","format":"standard","meta":{"footnotes":""},"categories":[32,34],"tags":[353,355,103,354],"class_list":{"0":"post-1461","1":"post","2":"type-post","3":"status-publish","4":"format-standard","5":"has-post-thumbnail","7":"category-actualidad","8":"category-politica","9":"tag-joaquin-fernandez","10":"tag-juventud","11":"tag-prm","12":"tag-secretaria-general"},"_links":{"self":[{"href":"https:\/\/elpueblo.com.do\/api-json\/wp\/v2\/posts\/1461","targetHints":{"allow":["GET"]}}],"collection":[{"href":"https:\/\/elpueblo.com.do\/api-json\/wp\/v2\/posts"}],"about":[{"href":"https:\/\/elpueblo.com.do\/api-json\/wp\/v2\/types\/post"}],"author":[{"embeddable":true,"href":"https:\/\/elpueblo.com.do\/api-json\/wp\/v2\/users\/1"}],"replies":[{"embeddable":true,"href":"https:\/\/elpueblo.com.do\/api-json\/wp\/v2\/comments?post=1461"}],"version-history":[{"count":0,"href":"https:\/\/elpueblo.com.do\/api-json\/wp\/v2\/posts\/1461\/revisions"}],"wp:featuredmedia":[{"embeddable":true,"href":"https:\/\/elpueblo.com.do\/api-json\/wp\/v2\/media\/1462"}],"wp:attachment":[{"href":"https:\/\/elpueblo.com.do\/api-json\/wp\/v2\/media?parent=1461"}],"wp:term":[{"taxonomy":"category","embeddable":true,"href":"https:\/\/elpueblo.com.do\/api-json\/wp\/v2\/categories?post=1461"},{"taxonomy":"post_tag","embeddable":true,"href":"https:\/\/elpueblo.com.do\/api-json\/wp\/v2\/tags?post=1461"}],"curies":[{"name":"wp","href":"https:\/\/api.w.org\/{rel}","templated":true}]}}