{"id":1456,"date":"2022-02-09T10:33:25","date_gmt":"2022-02-09T14:33:25","guid":{"rendered":"https:\/\/elpueblo.com.do\/?p=1456"},"modified":"2022-02-09T10:33:30","modified_gmt":"2022-02-09T14:33:30","slug":"dr-ivan-silva-un-senador-de-puertas-abiertas","status":"publish","type":"post","link":"https:\/\/elpueblo.com.do\/opinion\/dr-ivan-silva-un-senador-de-puertas-abiertas\/1456\/","title":{"rendered":"Dr Iv\u00e1n Silva; un senador de puertas abiertas"},"content":{"rendered":"\n<p>La pr\u00e1ctica pol\u00edtica es testigo de innumerables actores, cuyo estilo caracter\u00edstico les proyecta en funci\u00f3n de su accionar. Los mismos han sido protagonistas de las diversas coyunturas sociales y con ello van consolidando ante la naci\u00f3n un perfil que le distingue del com\u00fan de sus colegas.<\/p>\n\n\n\n<p>En Rep\u00fablica Dominicana desde el senado hemos visto transitar, un men\u00fa muy variado de representantes provinciales con cualidades muy positivas y otros con aspectos que contradicen el grado de cercan\u00eda, que los gobernados esperan de sus l\u00edderes.<\/p>\n\n\n\n<p>En la actualidad causa sorpresa, como en la oficina de representaci\u00f3n La Romana en la c\u00e1mara alta, su incumbente manifiesta una apertura con todos aquellos ciudadanos, que cada semana le visitan, a fin de ser por lo menos escuchados en medio de su realidad de vida.<\/p>\n\n\n\n<p>Es com\u00fan para los empleados del senado, la cantidad de visitantes que desde temprano hacen turnos para que el Dr Ivan Silva le reciba y expresarles sus diversas inquietudes.<br>Con una gran capacidad de poner atenci\u00f3n a los dirigentes, militantes y aquellos que no son de partidos pol\u00edticos, quienes asisten desde diferentes puntos del pa\u00eds para ver al senador de todos.<\/p>\n\n\n\n<p>El Dr Silva es actualmente, una grata sorpresa para quienes hacen vida durante a\u00f1os alrededor del congreso, toda vez que manifiesta una apertura con el pueblo, que no es tan com\u00fan desde los tiempo de otroras legisladores que hoy no est\u00e1n en los afanes legislativos.<\/p>\n\n\n\n<p>Para el senador de La Romana, si bien es cierto, que su funci\u00f3n b\u00e1sica es legislar, representas y fiscalizar, tampoco se puede ignorar que la gente necesita ser escuchada y desde su oficina en el congreso, como en las 4 oficinas senatoriales en 4 demarcaciones de la provincia, est\u00e1 dispuesto a poner atenci\u00f3n y ayudar en la medida de lo posible a quienes buscan una respuesta de sus pol\u00edticos.<\/p>\n","protected":false},"excerpt":{"rendered":"<p>La pr\u00e1ctica pol\u00edtica es testigo de innumerables actores, cuyo estilo caracter\u00edstico les proyecta en funci\u00f3n de su accionar. Los mismos han sido protagonistas de las diversas coyunturas sociales y con ello van consolidando ante la naci\u00f3n un perfil que le distingue del com\u00fan de sus colegas. En Rep\u00fablica Dominicana desde el senado hemos visto transitar, [&hellip;]<\/p>\n","protected":false},"author":5,"featured_media":1317,"comment_status":"open","ping_status":"open","sticky":false,"template":"","format":"standard","meta":{"footnotes":""},"categories":[33,34],"tags":[287,281],"class_list":{"0":"post-1456","1":"post","2":"type-post","3":"status-publish","4":"format-standard","5":"has-post-thumbnail","7":"category-opinion","8":"category-politica","9":"tag-ivan-silva-2","10":"tag-senado"},"_links":{"self":[{"href":"https:\/\/elpueblo.com.do\/api-json\/wp\/v2\/posts\/1456","targetHints":{"allow":["GET"]}}],"collection":[{"href":"https:\/\/elpueblo.com.do\/api-json\/wp\/v2\/posts"}],"about":[{"href":"https:\/\/elpueblo.com.do\/api-json\/wp\/v2\/types\/post"}],"author":[{"embeddable":true,"href":"https:\/\/elpueblo.com.do\/api-json\/wp\/v2\/users\/5"}],"replies":[{"embeddable":true,"href":"https:\/\/elpueblo.com.do\/api-json\/wp\/v2\/comments?post=1456"}],"version-history":[{"count":0,"href":"https:\/\/elpueblo.com.do\/api-json\/wp\/v2\/posts\/1456\/revisions"}],"wp:featuredmedia":[{"embeddable":true,"href":"https:\/\/elpueblo.com.do\/api-json\/wp\/v2\/media\/1317"}],"wp:attachment":[{"href":"https:\/\/elpueblo.com.do\/api-json\/wp\/v2\/media?parent=1456"}],"wp:term":[{"taxonomy":"category","embeddable":true,"href":"https:\/\/elpueblo.com.do\/api-json\/wp\/v2\/categories?post=1456"},{"taxonomy":"post_tag","embeddable":true,"href":"https:\/\/elpueblo.com.do\/api-json\/wp\/v2\/tags?post=1456"}],"curies":[{"name":"wp","href":"https:\/\/api.w.org\/{rel}","templated":true}]}}