{"id":1454,"date":"2021-12-24T14:34:24","date_gmt":"2021-12-24T18:34:24","guid":{"rendered":"https:\/\/elpueblo.com.do\/?p=1454"},"modified":"2021-12-24T14:34:26","modified_gmt":"2021-12-24T18:34:26","slug":"inaguja-un-aliado-invaluable-para-las-mujeres-emprendedoras","status":"publish","type":"post","link":"https:\/\/elpueblo.com.do\/actualidad\/inaguja-un-aliado-invaluable-para-las-mujeres-emprendedoras\/1454\/","title":{"rendered":"INAGUJA un aliado invaluable para las mujeres emprendedoras."},"content":{"rendered":"\n<p>A finales de la d\u00e9cada de los 50, como respuesta a la necesidad de exportar lazos de cintas a Estados Unidos de Am\u00e9rica, surge el 28 de agosto de 1958, el Instituto Nacional de La Aguja. En medio de la creciente demanda que representaba ese sector a la econom\u00eda del momento se proyecta la integraci\u00f3n de la mujer en un rubro tan importante para la \u00e9poca.<\/p>\n\n\n\n<p>Durante m\u00e1s de 5 d\u00e9cadas, con un perfil casi imperceptible, este instituto ha forjado con limitaciones y grandes carencias, una considerable cantidad de mujeres que encuentran de esta forma, una v\u00eda digna de recorrer el trayecto que le gu\u00eda y capacita para lograr avances y le aportan en su desarrollo personal y comunitario.<\/p>\n\n\n\n<p>Con una visi\u00f3n noble y tratando de integrar a trav\u00e9s de asociaciones y fundaciones comunitarias, son muchos los talleres, cursos, diplomados que han formado, miles de damas luchadoras que no se rinden ante las m\u00e1s desalentadoras carencias.<\/p>\n\n\n\n<p>A ra\u00edz de la gesti\u00f3n del presidente Luis Abinader y como parte de su pol\u00edtica de empoderamiento y creaci\u00f3n de oportunidades para la mujer de todos los estratos sociales, el INAGUJA desarrolla una labor que lo proyecta en impulsa m\u00e1s all\u00e1 de una gesti\u00f3n desconocida, con un liderazgo y gerencia que trasciende lo cotidiano.<\/p>\n\n\n\n<p>Desde esta instituci\u00f3n se vive un proceso acelerado de cambios que despierta amores de quienes apuestan al desarrollo y el odio de quienes solo viven a la sombra de sus m\u00edseros intereses.<\/p>\n\n\n\n<p>INAGUJA deja de ser un referente del botin politiqueo, para convertirse en auto gestionable y capaz de entregar beneficios al estado, mediante una administraci\u00f3n que no descansa en demostrar que este es un gobierno diferente y enfocado en la gente.<\/p>\n\n\n\n<p>Desde aqu\u00ed nuestras felicitaciones al presidente Luis Abinader y al licenciado Paul Almanzar director de INAGUJA, que con ese gran equipo, est\u00e1 dispuesto a seguir recorriendo la ruta del Cambio que produce desarrollo.<\/p>\n","protected":false},"excerpt":{"rendered":"<p>A finales de la d\u00e9cada de los 50, como respuesta a la necesidad de exportar lazos de cintas a Estados Unidos de Am\u00e9rica, surge el 28 de agosto de 1958, el Instituto Nacional de La Aguja. En medio de la creciente demanda que representaba ese sector a la econom\u00eda del momento se proyecta la integraci\u00f3n [&hellip;]<\/p>\n","protected":false},"author":5,"featured_media":0,"comment_status":"open","ping_status":"open","sticky":false,"template":"","format":"standard","meta":{"footnotes":""},"categories":[32,33,34],"tags":[256,300],"class_list":{"0":"post-1454","1":"post","2":"type-post","3":"status-publish","4":"format-standard","6":"category-actualidad","7":"category-opinion","8":"category-politica","9":"tag-gobierno-de-luis-abinader","10":"tag-inaguja"},"_links":{"self":[{"href":"https:\/\/elpueblo.com.do\/api-json\/wp\/v2\/posts\/1454","targetHints":{"allow":["GET"]}}],"collection":[{"href":"https:\/\/elpueblo.com.do\/api-json\/wp\/v2\/posts"}],"about":[{"href":"https:\/\/elpueblo.com.do\/api-json\/wp\/v2\/types\/post"}],"author":[{"embeddable":true,"href":"https:\/\/elpueblo.com.do\/api-json\/wp\/v2\/users\/5"}],"replies":[{"embeddable":true,"href":"https:\/\/elpueblo.com.do\/api-json\/wp\/v2\/comments?post=1454"}],"version-history":[{"count":0,"href":"https:\/\/elpueblo.com.do\/api-json\/wp\/v2\/posts\/1454\/revisions"}],"wp:attachment":[{"href":"https:\/\/elpueblo.com.do\/api-json\/wp\/v2\/media?parent=1454"}],"wp:term":[{"taxonomy":"category","embeddable":true,"href":"https:\/\/elpueblo.com.do\/api-json\/wp\/v2\/categories?post=1454"},{"taxonomy":"post_tag","embeddable":true,"href":"https:\/\/elpueblo.com.do\/api-json\/wp\/v2\/tags?post=1454"}],"curies":[{"name":"wp","href":"https:\/\/api.w.org\/{rel}","templated":true}]}}