{"id":1450,"date":"2021-11-30T15:51:22","date_gmt":"2021-11-30T19:51:22","guid":{"rendered":"https:\/\/elpueblo.com.do\/?p=1450"},"modified":"2021-11-30T15:51:26","modified_gmt":"2021-11-30T19:51:26","slug":"dicen-alcalde-de-ocoa-usa-el-pinar-como-zafacon-de-la-provincia","status":"publish","type":"post","link":"https:\/\/elpueblo.com.do\/actualidad\/dicen-alcalde-de-ocoa-usa-el-pinar-como-zafacon-de-la-provincia\/1450\/","title":{"rendered":"Dicen, Alcalde de Ocoa usa \u00abEl Pinar\u00bb como zafacon de la provincia"},"content":{"rendered":"\n<p>A ra\u00edz de algunas decisiones municipales tomadas en la alcald\u00eda del municipio San Jos\u00e9 de Ocoa a finales de la decada de los 90 y que dieron como resultado la instalaci\u00f3n e improvisaci\u00f3n de un vertedero en la comunidad del distrito municipal El Pinar de Ocoa.<\/p>\n\n\n\n<p>Est\u00e1 decisi\u00f3n que se tom\u00f3 sin consultar la comunidad afectada, ha dejado graves efectos negativos en el orden ecol\u00f3gico, medio ambiental y de salud durante mas de 2 d\u00e9cadas sin recibir respuestas de la alcald\u00eda de Ocoa y sus autotidades.<\/p>\n\n\n\n<p>D\u00edas, meses y a\u00f1os de reclamos, reuniones, promesas sin cumplir, han matizado un camino de enga\u00f1os, atropellos y manipulaci\u00f3n del estamento mas cercano a la realidad munipal que vive El Pinar.<\/p>\n\n\n\n<p>Un proceso donde Medio Ambiente ha evacuado una resoluci\u00f3n que ordena el traslado del vertedero en un plazo no mayor de un a\u00f1o. Lamentablemente a casi 2 a\u00f1os de la decisi\u00f3n, se continua la pr\u00e1ctica abusiva y atropellante, donde se acusa durante a\u00f1os, los actores principales de esas instituciones que hay tratado de validar y justificar la pr\u00e1ctica de verter desechos solidos en las cercanias de una comunidad, laboriosa, dedicada y enfocada en la ruta al desarrollo.<\/p>\n\n\n\n<p>Entendidos de la materia en San jose De Ocoa, aseguran que la autorizaci\u00f3n a los diferentes alcaldes de la provincia proviene del flamante alcalde de San Jos\u00e9 de Ocoa.<\/p>\n\n\n\n<p>Es imposible aceptar que una autoridad, embestida por el pueblo, se convierta en el impulsor y manipulador de situaciones que en definitiva a quien \u00fanico afectan es a los ocoe\u00f1os.<\/p>\n\n\n\n<p>La comunidad del Pinar se resiste a ser el basurero provincial y pide respeto a su integridad, adem\u00e1s de que espera que el alcalde del.<br>municipio cabecera.<\/p>\n\n\n\n<p>El pinar clama por la atencion de todos y espera que se respete a sus ciudadanos, que nadie use su posici\u00f3n para autorizar que esta comunidad sea agraviada por desaprensivos revestidos de \u00abautoridad\u00bb<\/p>\n","protected":false},"excerpt":{"rendered":"<p>A ra\u00edz de algunas decisiones municipales tomadas en la alcald\u00eda del municipio San Jos\u00e9 de Ocoa a finales de la decada de los 90 y que dieron como resultado la instalaci\u00f3n e improvisaci\u00f3n de un vertedero en la comunidad del distrito municipal El Pinar de Ocoa. Est\u00e1 decisi\u00f3n que se tom\u00f3 sin consultar la comunidad [&hellip;]<\/p>\n","protected":false},"author":1,"featured_media":0,"comment_status":"open","ping_status":"open","sticky":false,"template":"","format":"standard","meta":{"footnotes":""},"categories":[32,34,39],"tags":[278,274,349],"class_list":{"0":"post-1450","1":"post","2":"type-post","3":"status-publish","4":"format-standard","6":"category-actualidad","7":"category-politica","8":"category-sociales","9":"tag-el-pinar","10":"tag-san-jose-de-ocoa","11":"tag-vertedero"},"_links":{"self":[{"href":"https:\/\/elpueblo.com.do\/api-json\/wp\/v2\/posts\/1450","targetHints":{"allow":["GET"]}}],"collection":[{"href":"https:\/\/elpueblo.com.do\/api-json\/wp\/v2\/posts"}],"about":[{"href":"https:\/\/elpueblo.com.do\/api-json\/wp\/v2\/types\/post"}],"author":[{"embeddable":true,"href":"https:\/\/elpueblo.com.do\/api-json\/wp\/v2\/users\/1"}],"replies":[{"embeddable":true,"href":"https:\/\/elpueblo.com.do\/api-json\/wp\/v2\/comments?post=1450"}],"version-history":[{"count":0,"href":"https:\/\/elpueblo.com.do\/api-json\/wp\/v2\/posts\/1450\/revisions"}],"wp:attachment":[{"href":"https:\/\/elpueblo.com.do\/api-json\/wp\/v2\/media?parent=1450"}],"wp:term":[{"taxonomy":"category","embeddable":true,"href":"https:\/\/elpueblo.com.do\/api-json\/wp\/v2\/categories?post=1450"},{"taxonomy":"post_tag","embeddable":true,"href":"https:\/\/elpueblo.com.do\/api-json\/wp\/v2\/tags?post=1450"}],"curies":[{"name":"wp","href":"https:\/\/api.w.org\/{rel}","templated":true}]}}