{"id":1433,"date":"2021-10-05T10:37:52","date_gmt":"2021-10-05T14:37:52","guid":{"rendered":"https:\/\/elpueblo.com.do\/?p=1433"},"modified":"2021-10-05T10:37:54","modified_gmt":"2021-10-05T14:37:54","slug":"abogado-jhonny-aristy-se-propone-transformar-adoma","status":"publish","type":"post","link":"https:\/\/elpueblo.com.do\/actualidad\/abogado-jhonny-aristy-se-propone-transformar-adoma\/1433\/","title":{"rendered":"Abogado Jhonny Aristy se propone transformar Adoma"},"content":{"rendered":"\n<p>El viernes primero de octubre asistimos a un evento hermoso y concurrido de amigos y colegas abogados, que respaldamos las aspiraciones del&nbsp;<strong>licenciado Jhonny Aristy<\/strong>&nbsp;a la Presidencia de la&nbsp;<strong>Asociaci\u00f3n Dominicana de Abogados&nbsp;<\/strong>(Adoma).<\/p>\n\n\n\n<p>El escenario fue en el Colegio M\u00e9dico Dominicano, con la presencia de cientos de abogados. El aspirante a&nbsp;&nbsp;dirigir la asociaci\u00f3n de profesionales del Derecho dijo que sus aspiraciones se fundamentan en el compromiso de transformar esta importante organizaci\u00f3n, que durante&nbsp;&nbsp;d\u00e9cadas ha estado sumergida en un estado de marginalidad.<\/p>\n\n\n\n<p>El acto fue aprovechado por el \u201cpr\u00f3ximo presidente de Adoma\u201d para presentar algunas propuestas que ser\u00e1n parte del programa de gesti\u00f3n que pretende desarrollar, entre ellas resaltamos las siguientes: 1.- Desarrollar programas de capacitaci\u00f3n permanente para los abogados, incluyendo maestr\u00edas y especialidades avaladas por las escuelas de derecho de las universidades; 2.- Inclusi\u00f3n de los abogados en el Sistema Dominicano de la Seguridad Social; 3.- Trabajar por el fortalecimiento del Sistema de Justicia; 4.- Gestionar mejores espacios f\u00edsicos en los tribunales para los abogados, y 5.- Vinculaci\u00f3n de Adoma con otras asociaciones de profesionales del derecho nacionales e internacionales.<\/p>\n\n\n\n<p>Las elecciones de Adoma ser\u00e1n celebradas en el mes de marzo del pr\u00f3ximo a\u00f1o y el 30 de octubre de este a\u00f1o pretende participar en un pleno de abogados pertenecientes al Partido Revolucionario Moderno (PRM) para escoger un candidato \u00fanico para participar en las elecciones de marzo, sin embargo aclaro que su proyecto es sin exclusi\u00f3n, plural, participativo y abierto para abogados amigos y miembros de otros partidos pol\u00edticos.&nbsp;<\/p>\n\n\n\n<p>En la mesa de honor participaron adem\u00e1s del candidato, la licenciada Sardy Suero, Presidenta del Frente de Abogados del PRM en el Distrito Nacional; el doctor Pedro Rodr\u00edguez, pasado presidente del Colegio de Notarios; Rolfi Rojas, presidente de la Comisi\u00f3n Presidencial de Desarrollo Barrial; el licenciado Evaristy Jim\u00e9nez, pasado aspirante al Colegio de Abogados, y Jacqueline Beltr\u00e9, pasada presidenta de la Seccional de Abogados del Distrito Nacional.<\/p>\n\n\n\n<p>En este acto, el licenciado Jhonny Aristy recibi\u00f3 el respaldo de cientos de abogados, a quienes agradeci\u00f3 la decisi\u00f3n de acompa\u00f1arlo en este proceso. De igual manera, invit\u00f3 a los dem\u00e1s aspirantes a trabajar juntos para transformar a Adoma.<\/p>\n","protected":false},"excerpt":{"rendered":"<p>El viernes primero de octubre asistimos a un evento hermoso y concurrido de amigos y colegas abogados, que respaldamos las aspiraciones del&nbsp;licenciado Jhonny Aristy&nbsp;a la Presidencia de la&nbsp;Asociaci\u00f3n Dominicana de Abogados&nbsp;(Adoma). El escenario fue en el Colegio M\u00e9dico Dominicano, con la presencia de cientos de abogados. El aspirante a&nbsp;&nbsp;dirigir la asociaci\u00f3n de profesionales del Derecho [&hellip;]<\/p>\n","protected":false},"author":1,"featured_media":0,"comment_status":"open","ping_status":"open","sticky":false,"template":"","format":"standard","meta":{"footnotes":""},"categories":[32,34],"tags":[344,343,342,103],"class_list":{"0":"post-1433","1":"post","2":"type-post","3":"status-publish","4":"format-standard","6":"category-actualidad","7":"category-politica","8":"tag-abogados","9":"tag-adoma","10":"tag-jhonny-aristy","11":"tag-prm"},"_links":{"self":[{"href":"https:\/\/elpueblo.com.do\/api-json\/wp\/v2\/posts\/1433","targetHints":{"allow":["GET"]}}],"collection":[{"href":"https:\/\/elpueblo.com.do\/api-json\/wp\/v2\/posts"}],"about":[{"href":"https:\/\/elpueblo.com.do\/api-json\/wp\/v2\/types\/post"}],"author":[{"embeddable":true,"href":"https:\/\/elpueblo.com.do\/api-json\/wp\/v2\/users\/1"}],"replies":[{"embeddable":true,"href":"https:\/\/elpueblo.com.do\/api-json\/wp\/v2\/comments?post=1433"}],"version-history":[{"count":0,"href":"https:\/\/elpueblo.com.do\/api-json\/wp\/v2\/posts\/1433\/revisions"}],"wp:attachment":[{"href":"https:\/\/elpueblo.com.do\/api-json\/wp\/v2\/media?parent=1433"}],"wp:term":[{"taxonomy":"category","embeddable":true,"href":"https:\/\/elpueblo.com.do\/api-json\/wp\/v2\/categories?post=1433"},{"taxonomy":"post_tag","embeddable":true,"href":"https:\/\/elpueblo.com.do\/api-json\/wp\/v2\/tags?post=1433"}],"curies":[{"name":"wp","href":"https:\/\/api.w.org\/{rel}","templated":true}]}}