{"id":1431,"date":"2021-10-04T23:27:14","date_gmt":"2021-10-05T03:27:14","guid":{"rendered":"https:\/\/elpueblo.com.do\/?p=1431"},"modified":"2021-10-04T23:27:17","modified_gmt":"2021-10-05T03:27:17","slug":"senador-ivan-silva-asegura-que-los-empresarios-son-los-que-mas-se-han-enriquecido-con-bienes-del-estado","status":"publish","type":"post","link":"https:\/\/elpueblo.com.do\/actualidad\/senador-ivan-silva-asegura-que-los-empresarios-son-los-que-mas-se-han-enriquecido-con-bienes-del-estado\/1431\/","title":{"rendered":"Senador Iv\u00e1n Silva Asegura Que Los Empresarios Son Los Que M\u00e1s Se Han Enriquecido Con Bienes Del Estado"},"content":{"rendered":"\n<p><strong>El senador por la provincia de La Romana, Iv\u00e1n Silva<\/strong>\u00a0determin\u00f3 que una de las esferas que supuestamente m\u00e1s se ha enriquecido de manera il\u00edcita con los bienes del Estado en la Rep\u00fablica Dominicana no son los pol\u00edticos, sino los empresarios, y es justo en esa direcci\u00f3n que ir\u00eda la Ley de Extinci\u00f3n de Dominio que cursa actualmente en el Congreso Nacional.<\/p>\n\n\n\n<p>\u201cAqu\u00ed hay un grupo de familias que lo \u00fanico que han hecho es eso, y junto con ellas, hay un grupo de empresarios que lo \u00fanico que hacen y han hecho en su vida entera ha sido aprovecharse del Estado dominicano, yo creo que esa ley va en direcci\u00f3n de esas personas, eso tiene que parar\u201d, expres\u00f3.<\/p>\n\n\n\n<p>Silva emiti\u00f3 sus comentarios durante una entrevista realizada por los analistas pol\u00edticos Joan Leyba y Mesac D\u00edaz, en el programa \u201cEncuentro del S\u00e1bado\u201d, que se transmite por la plataforma digital El Nuevo Diario TV.<\/p>\n\n\n\n<p>Tambi\u00e9n puntualiz\u00f3 que la citada Ley no es \u201cun gatillo alegre\u201d, y no busca violar el derecho a la libertad de ning\u00fan ciudadano, porque lo que persigue es ir detr\u00e1s de los bienes y el dinero il\u00edcito en el pa\u00eds.<\/p>\n\n\n\n<p>\u201cA veces nos parece un poquito extra\u00f1o, tal vez nos sintamos con un poco de temor con respecto a una implementaci\u00f3n como est\u00e1, pero tampoco es que esta Ley sea un gatillo alegre\u201d, asegur\u00f3.<\/p>\n\n\n\n<p>Detall\u00f3 que la idea es que se formen cuatro direcciones regionales para manejar la ley y que el Ministerio P\u00fablico sea un \u00f3rgano especializado en la citada legislaci\u00f3n, abogando a la vez para que se conf\u00ede en la institucionalidad del pa\u00eds, a\u00fan \u201chayan fallos\u201d.<\/p>\n\n\n\n<p>Silva puso como ejemplo a Colombia, donde se aplic\u00f3 la citada ley, se\u00f1alando que el Congreso de ese pa\u00eds fue \u201cacordonado\u201d por personas que no quer\u00edan que la legislaci\u00f3n fuera aprobada, no obstante, se aplic\u00f3 la ley \u201cy est\u00e1 dando muy buenos resultados\u201d.<\/p>\n\n\n\n<p>\u201cEn Per\u00fa tambi\u00e9n, ustedes pueden ver que ese ha sido una de los pa\u00edses que m\u00e1s empresarios y pol\u00edticos ha llevado a la c\u00e1rcel por el caso Odebrecht\u201d, agreg\u00f3.<\/p>\n\n\n\n<p>El legislador tambi\u00e9n indic\u00f3 que con el proyecto para modificar la Ley 491-06 y la 67-13 de Aviaci\u00f3n Civil de la Rep\u00fablica Dominicana se procura proteger \u201cuna l\u00ednea a\u00e9rea dominicana que le d\u00e9 oportunidades de trabajo a todos los ciudadanos\u201d, as\u00ed como a los pilotos del pa\u00eds.<\/p>\n\n\n\n<p>Mencion\u00f3 que los pilotos dominicanos est\u00e1n pasando por una situaci\u00f3n \u201cmuy dif\u00edcil\u201d, porque la plaza que \u201ca ellos les corresponde\u201d est\u00e1n siendo entregadas a pilotos extranjeros, sin que se pueda evitar por un \u201cproblema que hay en la Ley\u201d.<\/p>\n\n\n\n<p>\u201cHay un problema en la Ley en donde un piloto extranjero viene, trabaja como piloto en Rep\u00fablica Dominicana sin ninguna regulaci\u00f3n, y no solo eso, sino que ellos tambi\u00e9n son juez y parte al momento de evaluar al piloto dominicano para que se le otorgue su licencia\u201d, dijo.<\/p>\n\n\n\n<p>Al hablar del proyecto juvenil\u00a0<strong><a rel=\"noreferrer noopener\" href=\"http:\/\/juventudprendeyemprende.com\/\" target=\"_blank\">Prende y Emprende<\/a><\/strong>\u00a0que ejecuta la comisi\u00f3n de la juventud del Senado de la Rep\u00fablica, y que actualmente preside, Silva destac\u00f3 que en la primera graduaci\u00f3n del programa, que ya tiene unos nueve meses, se han graduado 185 j\u00f3venes, y en la segunda etapa se estima que van a impactar unos 7,000 m\u00e1s en toda la geograf\u00eda nacional.<\/p>\n\n\n\n<p>\u201cNos sentimos muy orgullosos de este gran proyecto porque son cursos t\u00e9cnicos que le estamos llevando a la juventud dominicana para su beneficio y de una manera gratuita desde el Senado de la Rep\u00fablica, algo que nunca hab\u00eda ocurrido antes\u201d, explic\u00f3.<\/p>\n\n\n\n<p>Dijo que de los 185 j\u00f3venes ya graduados, cerca del 90 % ya tiene una entrevista de trabajo, mientras otros est\u00e1n preparando proyectos de negocio, y que contar\u00e1n con el apoyo de la comisi\u00f3n.<\/p>\n\n\n\n<p><strong>Fuente: El Nuevo Diario<\/strong><\/p>\n","protected":false},"excerpt":{"rendered":"<p>El senador por la provincia de La Romana, Iv\u00e1n Silva\u00a0determin\u00f3 que una de las esferas que supuestamente m\u00e1s se ha enriquecido de manera il\u00edcita con los bienes del Estado en la Rep\u00fablica Dominicana no son los pol\u00edticos, sino los empresarios, y es justo en esa direcci\u00f3n que ir\u00eda la Ley de Extinci\u00f3n de Dominio que [&hellip;]<\/p>\n","protected":false},"author":1,"featured_media":1184,"comment_status":"open","ping_status":"open","sticky":false,"template":"","format":"standard","meta":{"footnotes":""},"categories":[32,33,34],"tags":[341,287,329],"class_list":{"0":"post-1431","1":"post","2":"type-post","3":"status-publish","4":"format-standard","5":"has-post-thumbnail","7":"category-actualidad","8":"category-opinion","9":"category-politica","10":"tag-bienes-del-estado","11":"tag-ivan-silva-2","12":"tag-juventud-prende-y-emprende"},"_links":{"self":[{"href":"https:\/\/elpueblo.com.do\/api-json\/wp\/v2\/posts\/1431","targetHints":{"allow":["GET"]}}],"collection":[{"href":"https:\/\/elpueblo.com.do\/api-json\/wp\/v2\/posts"}],"about":[{"href":"https:\/\/elpueblo.com.do\/api-json\/wp\/v2\/types\/post"}],"author":[{"embeddable":true,"href":"https:\/\/elpueblo.com.do\/api-json\/wp\/v2\/users\/1"}],"replies":[{"embeddable":true,"href":"https:\/\/elpueblo.com.do\/api-json\/wp\/v2\/comments?post=1431"}],"version-history":[{"count":0,"href":"https:\/\/elpueblo.com.do\/api-json\/wp\/v2\/posts\/1431\/revisions"}],"wp:featuredmedia":[{"embeddable":true,"href":"https:\/\/elpueblo.com.do\/api-json\/wp\/v2\/media\/1184"}],"wp:attachment":[{"href":"https:\/\/elpueblo.com.do\/api-json\/wp\/v2\/media?parent=1431"}],"wp:term":[{"taxonomy":"category","embeddable":true,"href":"https:\/\/elpueblo.com.do\/api-json\/wp\/v2\/categories?post=1431"},{"taxonomy":"post_tag","embeddable":true,"href":"https:\/\/elpueblo.com.do\/api-json\/wp\/v2\/tags?post=1431"}],"curies":[{"name":"wp","href":"https:\/\/api.w.org\/{rel}","templated":true}]}}