{"id":1428,"date":"2021-09-19T18:55:12","date_gmt":"2021-09-19T22:55:12","guid":{"rendered":"https:\/\/elpueblo.com.do\/?p=1428"},"modified":"2021-09-19T18:55:15","modified_gmt":"2021-09-19T22:55:15","slug":"carolina-mejia-referente-de-eficiencia-y-crecimiento-en-el-liderazgo-politico","status":"publish","type":"post","link":"https:\/\/elpueblo.com.do\/actualidad\/carolina-mejia-referente-de-eficiencia-y-crecimiento-en-el-liderazgo-politico\/1428\/","title":{"rendered":"Carolina Mej\u00eda referente de eficiencia y crecimiento en el liderazgo politico"},"content":{"rendered":"\n<p>Cuando en 1963 la asamblea de las naciones, comenz\u00f3 a conocer propuestas de resoluciones vinculadas a los derechos de la mujer, lo que luego fue aprobado en 1967. Podemos decir que era largo el camino y muy grande el reto que se vislumbraba en el horizonte de una sociedad eminentemente machista y retorcida por el ego de una cultura que auspiciaba el culto (quiz\u00e1s inconsciente) al g\u00e9nero masculino.<\/p>\n\n\n\n<p>Muchas son las figuras que han trascendido en las diferentes \u00e1reas de la cotidianidad de las naciones y en especial la de nuestra Rep\u00fablica Dominicana.<\/p>\n\n\n\n<p>Ejemplos de mujeres que como do\u00f1a Milagros Ortiz Bosh, la maestra Ivelisse Prats Ramirez de P\u00e9rez, Gladys Guti\u00e9rrez, entre otras damas que engalanan la historia despu\u00e9s de la era del tirano Rafael Leonidas Trujillo Molina. Nos presentan el esfuerzo de mujeres que empu\u00f1aron con firmeza la bandera de una libertad sobre la base del trabajo y muy apartadas de la cultura del chantaje.<\/p>\n\n\n\n<p>Recorriendo las d\u00e9cadas podemos encontrar una mujer cuya personalidad y dedicaci\u00f3n al trabajo, su trato afable, con una extrema facilidad de acercarse a la gente, generando las m\u00e1s profundas expresiones de empatia, propia de quienes vienen marcados por la esencia del liderazgo que trasciende.<\/p>\n\n\n\n<p>Su primera participaci\u00f3n en las elecciones de 2016 como compa\u00f1era de boleta del actual presidente de la Rep\u00fablica Dominicana Lu\u00eds Abinader. Luego participar y convertirse en la primera mujer secretaria general de un partido mayoritario. Despu\u00e9s atravesar el umbral de una aspiraci\u00f3n que le convierte en la primera mujer alcaldesa de la primera ciudad del nuevo mundo.<\/p>\n\n\n\n<p>Parecer\u00eda que hablamos de una experimentada figura de las lides pol\u00edticas tradicionales, sin embargo, ha sido su capacidad de armonizar y esas habilidades gerenciales, sumado a ese don de gente que provoca reacciones positivas, a\u00fan de quienes la coyuntura les presenta en la condici\u00f3n de adversarios y que por ese manejo inteligente les obliga a un trato minimamente cuidadoso.<\/p>\n\n\n\n<p>Sin dudas que la alcaldesa del Distrito Nacional Carolina Mej\u00eda, demuestra que la condici\u00f3n de mujer, nunca impedir\u00e1 el desarrollo de quienes deciden marcar la diferencia en medio de las m\u00e1s adversas realidades y que adem\u00e1s, cuando se pone el coraz\u00f3n, la dedicaci\u00f3n, el trabajo y respeto a los dem\u00e1s, habr\u00e1 siempre una oportunidad para convertirse en referentes para una generaci\u00f3n que observa y que adem\u00e1s podr\u00e1 influir en un legado positivo que permanece a trav\u00e9s del tiempo.<\/p>\n","protected":false},"excerpt":{"rendered":"<p>Cuando en 1963 la asamblea de las naciones, comenz\u00f3 a conocer propuestas de resoluciones vinculadas a los derechos de la mujer, lo que luego fue aprobado en 1967. Podemos decir que era largo el camino y muy grande el reto que se vislumbraba en el horizonte de una sociedad eminentemente machista y retorcida por el [&hellip;]<\/p>\n","protected":false},"author":5,"featured_media":1429,"comment_status":"open","ping_status":"open","sticky":false,"template":"","format":"standard","meta":{"footnotes":""},"categories":[32,33,34],"tags":[270,128,340,103],"class_list":{"0":"post-1428","1":"post","2":"type-post","3":"status-publish","4":"format-standard","5":"has-post-thumbnail","7":"category-actualidad","8":"category-opinion","9":"category-politica","10":"tag-carolina-mejia-2","11":"tag-liderazgo","12":"tag-mujer","13":"tag-prm"},"_links":{"self":[{"href":"https:\/\/elpueblo.com.do\/api-json\/wp\/v2\/posts\/1428","targetHints":{"allow":["GET"]}}],"collection":[{"href":"https:\/\/elpueblo.com.do\/api-json\/wp\/v2\/posts"}],"about":[{"href":"https:\/\/elpueblo.com.do\/api-json\/wp\/v2\/types\/post"}],"author":[{"embeddable":true,"href":"https:\/\/elpueblo.com.do\/api-json\/wp\/v2\/users\/5"}],"replies":[{"embeddable":true,"href":"https:\/\/elpueblo.com.do\/api-json\/wp\/v2\/comments?post=1428"}],"version-history":[{"count":0,"href":"https:\/\/elpueblo.com.do\/api-json\/wp\/v2\/posts\/1428\/revisions"}],"wp:featuredmedia":[{"embeddable":true,"href":"https:\/\/elpueblo.com.do\/api-json\/wp\/v2\/media\/1429"}],"wp:attachment":[{"href":"https:\/\/elpueblo.com.do\/api-json\/wp\/v2\/media?parent=1428"}],"wp:term":[{"taxonomy":"category","embeddable":true,"href":"https:\/\/elpueblo.com.do\/api-json\/wp\/v2\/categories?post=1428"},{"taxonomy":"post_tag","embeddable":true,"href":"https:\/\/elpueblo.com.do\/api-json\/wp\/v2\/tags?post=1428"}],"curies":[{"name":"wp","href":"https:\/\/api.w.org\/{rel}","templated":true}]}}