{"id":1425,"date":"2021-09-16T11:03:16","date_gmt":"2021-09-16T15:03:16","guid":{"rendered":"https:\/\/elpueblo.com.do\/?p=1425"},"modified":"2021-09-16T11:03:19","modified_gmt":"2021-09-16T15:03:19","slug":"carolina-mejia-asumira-vicepresidencia-regional-de-union-de-capitales-iberoamericanas","status":"publish","type":"post","link":"https:\/\/elpueblo.com.do\/actualidad\/carolina-mejia-asumira-vicepresidencia-regional-de-union-de-capitales-iberoamericanas\/1425\/","title":{"rendered":"Carolina Mej\u00eda asumir\u00e1 vicepresidencia regional de Uni\u00f3n de Capitales Iberoamericanas"},"content":{"rendered":"\n<p>La alcaldesa de Santo Domingo, Carolina Mej\u00eda, ha sido nominada a unanimidad candidata a la vicepresidencia regional de la asamblea de la Uni\u00f3n de Ciudades Capitales Iberoamericanas (UCCI), que se celebrar\u00e1 este a\u00f1o en Madrid.<\/p>\n\n\n\n<p>La decisi\u00f3n se tom\u00f3 durante la celebraci\u00f3n en Puerto Rico de la XXVIII Reuni\u00f3n de Alcaldes y Alcaldesas de Centroam\u00e9rica, M\u00e9xico y el Caribe, inform\u00f3 este martes la Alcald\u00eda del Distrito Nacional.<\/p>\n\n\n\n<p>En ese encuentro, Mej\u00eda present\u00f3 el proyecto \u201cIniciativa por las aceras de las capitales de Centroam\u00e9rica, M\u00e9xico y el Caribe como garantes de derechos constitucionales, calidad de vida y desarrollo econ\u00f3mico urbano\u201d.<\/p>\n\n\n\n<p>Su prop\u00f3sito es que los gobiernos locales adopten las normativas correspondientes y que fortalezcan los reg\u00edmenes de consecuencia en caso de mal uso de los espacios p\u00fablicos.&nbsp;<\/p>\n\n\n\n<p>Esto debe estar acompa\u00f1ado por campa\u00f1as ciudadanas de concientizaci\u00f3n y educaci\u00f3n, sobre los derechos y deberes ciudadanos, y el correcto uso de bien com\u00fan.<\/p>\n","protected":false},"excerpt":{"rendered":"<p>La alcaldesa de Santo Domingo, Carolina Mej\u00eda, ha sido nominada a unanimidad candidata a la vicepresidencia regional de la asamblea de la Uni\u00f3n de Ciudades Capitales Iberoamericanas (UCCI), que se celebrar\u00e1 este a\u00f1o en Madrid. La decisi\u00f3n se tom\u00f3 durante la celebraci\u00f3n en Puerto Rico de la XXVIII Reuni\u00f3n de Alcaldes y Alcaldesas de Centroam\u00e9rica, [&hellip;]<\/p>\n","protected":false},"author":1,"featured_media":1426,"comment_status":"open","ping_status":"open","sticky":false,"template":"","format":"standard","meta":{"footnotes":""},"categories":[32,34],"tags":[337,270,339],"class_list":{"0":"post-1425","1":"post","2":"type-post","3":"status-publish","4":"format-standard","5":"has-post-thumbnail","7":"category-actualidad","8":"category-politica","9":"tag-alcaldesa","10":"tag-carolina-mejia-2","11":"tag-union-de-ciudades-iberoamericanas"},"_links":{"self":[{"href":"https:\/\/elpueblo.com.do\/api-json\/wp\/v2\/posts\/1425","targetHints":{"allow":["GET"]}}],"collection":[{"href":"https:\/\/elpueblo.com.do\/api-json\/wp\/v2\/posts"}],"about":[{"href":"https:\/\/elpueblo.com.do\/api-json\/wp\/v2\/types\/post"}],"author":[{"embeddable":true,"href":"https:\/\/elpueblo.com.do\/api-json\/wp\/v2\/users\/1"}],"replies":[{"embeddable":true,"href":"https:\/\/elpueblo.com.do\/api-json\/wp\/v2\/comments?post=1425"}],"version-history":[{"count":0,"href":"https:\/\/elpueblo.com.do\/api-json\/wp\/v2\/posts\/1425\/revisions"}],"wp:featuredmedia":[{"embeddable":true,"href":"https:\/\/elpueblo.com.do\/api-json\/wp\/v2\/media\/1426"}],"wp:attachment":[{"href":"https:\/\/elpueblo.com.do\/api-json\/wp\/v2\/media?parent=1425"}],"wp:term":[{"taxonomy":"category","embeddable":true,"href":"https:\/\/elpueblo.com.do\/api-json\/wp\/v2\/categories?post=1425"},{"taxonomy":"post_tag","embeddable":true,"href":"https:\/\/elpueblo.com.do\/api-json\/wp\/v2\/tags?post=1425"}],"curies":[{"name":"wp","href":"https:\/\/api.w.org\/{rel}","templated":true}]}}