{"id":1422,"date":"2021-09-12T00:19:37","date_gmt":"2021-09-12T04:19:37","guid":{"rendered":"https:\/\/elpueblo.com.do\/?p=1422"},"modified":"2021-09-12T00:19:40","modified_gmt":"2021-09-12T04:19:40","slug":"inaguja-una-cenicienta-que-avanza-al-compas-del-cambio","status":"publish","type":"post","link":"https:\/\/elpueblo.com.do\/actualidad\/inaguja-una-cenicienta-que-avanza-al-compas-del-cambio\/1422\/","title":{"rendered":"INAGUJA una cenicienta que avanza al comp\u00e1s del Cambio"},"content":{"rendered":"\n<p>Dentro de las estructuras de la administraci\u00f3n p\u00fablica, encontramos muchas instituciones, cuyas funciones, eficiencia y utilidad, resultan desconocidas por la mayor\u00eda de los Dominicanos.<\/p>\n\n\n\n<p>La sociedad en su conjunto lleg\u00f3 a perder la confianza y esperanza en una gran cantidad de instituciones, que por los resultados y la forma en la que sirvieron de guarida para la corruptela, con nominillas y cap\u00edtulos \u00absociales\u00bb que s\u00f3lo ayudan al desarrollo y potencializar el parasitismo.<\/p>\n\n\n\n<p>La capitalizaci\u00f3n aquella del primer gobierno del PLD, con las famosas empresas de CORDE. Pudo haber sido la ruptura de ese modelo asistencialista y a todas luces corrupto. Sin embargo, lejos de ello, sus resultados fueron diametralmente opuestos.<\/p>\n\n\n\n<p>Es ante ese panorama, que podemos resaltar de forma gratamente positiva, la presente gesti\u00f3n del joven Pa\u00fal Almanzar Hued y su equipo en el Instituto Nacional de la Aguja (INAGUJA). Hasta hace poco esa instituci\u00f3n cuya filosof\u00eda de empoderamiento y canal de generaci\u00f3n de empleos en el \u00e1rea textil y dando un trato privilegiado a la mujer, a trav\u00e9s de la capacitaci\u00f3n y posterior inclusi\u00f3n al mercado laboral, mediante sus centros de ense\u00f1anza ubicados a nivel nacional y en especial en comunidades, econ\u00f3micamente deprimidas.<\/p>\n\n\n\n<p>Desde su fundaci\u00f3n, este instituto, recib\u00eda una importante asignaci\u00f3n presupuestaria anual y nunca lleg\u00f3 a tener coherencia, la inversi\u00f3n en funci\u00f3n de los resultados.<\/p>\n\n\n\n<p>No es sino, hasta la presente gesti\u00f3n encabezada por un joven talentoso y emprendedor que se ha dedicado durante aproximadamente un a\u00f1o a recorrer cada centro de capacitaci\u00f3n bajo la tutoria gerencial del INAGUJA, trabajando de forma acelerada en un proyecto de transformaci\u00f3n integral de instituto, cuya re ingenier\u00eda estructural ha impactado positivamente las comunidades y se perfila c\u00f3mo una importante promesa para el desarrollo econ\u00f3mico de todos aquellos que son beneficiados por la capacidad gerencial y el Cambio de rumbo que ha tomado la instituci\u00f3n, guiada por un equipo de j\u00f3venes que valoran la oportunidad puesta en sus manos por el presidente de la Rep\u00fablica Dominicana El Lic Lu\u00eds Abinader.<\/p>\n\n\n\n<p>De seguir la trayectoria planteada, estamos seguros que dentro de poco tiempo, y a ritmo de una novia que se apresura con la intenci\u00f3n de mostrar a su amado, su m\u00e1s sublime galanter\u00eda y el arrojo propio de sus anhelos. Veremos la conversi\u00f3n despampanante de una cenicienta en la piedra preciosa que puede llegar a captar la atenci\u00f3n de una sociedad que con razones sobradas, un d\u00eda decidi\u00f3 ignorarla.<\/p>\n","protected":false},"excerpt":{"rendered":"<p>Dentro de las estructuras de la administraci\u00f3n p\u00fablica, encontramos muchas instituciones, cuyas funciones, eficiencia y utilidad, resultan desconocidas por la mayor\u00eda de los Dominicanos. La sociedad en su conjunto lleg\u00f3 a perder la confianza y esperanza en una gran cantidad de instituciones, que por los resultados y la forma en la que sirvieron de guarida [&hellip;]<\/p>\n","protected":false},"author":5,"featured_media":1423,"comment_status":"open","ping_status":"open","sticky":false,"template":"","format":"standard","meta":{"footnotes":""},"categories":[32,41,33,34],"tags":[256,300,336],"class_list":{"0":"post-1422","1":"post","2":"type-post","3":"status-publish","4":"format-standard","5":"has-post-thumbnail","7":"category-actualidad","8":"category-economia","9":"category-opinion","10":"category-politica","11":"tag-gobierno-de-luis-abinader","12":"tag-inaguja","13":"tag-republica-dominicana-2"},"_links":{"self":[{"href":"https:\/\/elpueblo.com.do\/api-json\/wp\/v2\/posts\/1422","targetHints":{"allow":["GET"]}}],"collection":[{"href":"https:\/\/elpueblo.com.do\/api-json\/wp\/v2\/posts"}],"about":[{"href":"https:\/\/elpueblo.com.do\/api-json\/wp\/v2\/types\/post"}],"author":[{"embeddable":true,"href":"https:\/\/elpueblo.com.do\/api-json\/wp\/v2\/users\/5"}],"replies":[{"embeddable":true,"href":"https:\/\/elpueblo.com.do\/api-json\/wp\/v2\/comments?post=1422"}],"version-history":[{"count":0,"href":"https:\/\/elpueblo.com.do\/api-json\/wp\/v2\/posts\/1422\/revisions"}],"wp:featuredmedia":[{"embeddable":true,"href":"https:\/\/elpueblo.com.do\/api-json\/wp\/v2\/media\/1423"}],"wp:attachment":[{"href":"https:\/\/elpueblo.com.do\/api-json\/wp\/v2\/media?parent=1422"}],"wp:term":[{"taxonomy":"category","embeddable":true,"href":"https:\/\/elpueblo.com.do\/api-json\/wp\/v2\/categories?post=1422"},{"taxonomy":"post_tag","embeddable":true,"href":"https:\/\/elpueblo.com.do\/api-json\/wp\/v2\/tags?post=1422"}],"curies":[{"name":"wp","href":"https:\/\/api.w.org\/{rel}","templated":true}]}}