{"id":1420,"date":"2021-09-11T13:54:57","date_gmt":"2021-09-11T17:54:57","guid":{"rendered":"https:\/\/elpueblo.com.do\/?p=1420"},"modified":"2021-09-11T13:55:00","modified_gmt":"2021-09-11T17:55:00","slug":"bavaro-una-ciudad-con-alas-propias","status":"publish","type":"post","link":"https:\/\/elpueblo.com.do\/actualidad\/bavaro-una-ciudad-con-alas-propias\/1420\/","title":{"rendered":"B\u00e1varo una ciudad con alas propias"},"content":{"rendered":"\n<p>Las sociedades avanzan y con ellas, sus demandas en los diferentes t\u00f3picos referentes a su desarrollo.<\/p>\n\n\n\n<p>En funci\u00f3n de los rubros econ\u00f3micos de mayor impacto en cada demarcaci\u00f3n, se impone que sus ciudadanos propicien todo cuanto beneficie la comunidad<\/p>\n\n\n\n<p>La provincia La Altagracia representa la capital del turismo en el Caribe y esto trae consigo una demanda importante de aquellos elementos vinculados a la industria sin chimenea<\/p>\n\n\n\n<p>Negar la realidad incontrovertible de que esta zona necesita mayor infraestructura y servicios a partir de la creciente demanda, es un acto de suprema mezquindad que s\u00f3lo se urde en mentes ego\u00edstas, cuya capacidad hist\u00f3rica de manipulaci\u00f3n le ensoberbece y nubla la raz\u00f3n<\/p>\n\n\n\n<p>Es verdad que necesitamos m\u00e1s hoteles, villas, restaurantes y aumentar la oferta tur\u00edstica de la zona, como tambi\u00e9n es cierto que B\u00e1varo requiere un nuevo aeropuerto para bien de la regi\u00f3n.<\/p>\n","protected":false},"excerpt":{"rendered":"<p>Las sociedades avanzan y con ellas, sus demandas en los diferentes t\u00f3picos referentes a su desarrollo. En funci\u00f3n de los rubros econ\u00f3micos de mayor impacto en cada demarcaci\u00f3n, se impone que sus ciudadanos propicien todo cuanto beneficie la comunidad La provincia La Altagracia representa la capital del turismo en el Caribe y esto trae consigo [&hellip;]<\/p>\n","protected":false},"author":5,"featured_media":0,"comment_status":"open","ping_status":"open","sticky":false,"template":"","format":"standard","meta":{"footnotes":""},"categories":[32,34],"tags":[334,331,299,335],"class_list":{"0":"post-1420","1":"post","2":"type-post","3":"status-publish","4":"format-standard","6":"category-actualidad","7":"category-politica","8":"tag-bavaro-2","9":"tag-punta-cana","10":"tag-republica-dominicana","11":"tag-turismo"},"_links":{"self":[{"href":"https:\/\/elpueblo.com.do\/api-json\/wp\/v2\/posts\/1420","targetHints":{"allow":["GET"]}}],"collection":[{"href":"https:\/\/elpueblo.com.do\/api-json\/wp\/v2\/posts"}],"about":[{"href":"https:\/\/elpueblo.com.do\/api-json\/wp\/v2\/types\/post"}],"author":[{"embeddable":true,"href":"https:\/\/elpueblo.com.do\/api-json\/wp\/v2\/users\/5"}],"replies":[{"embeddable":true,"href":"https:\/\/elpueblo.com.do\/api-json\/wp\/v2\/comments?post=1420"}],"version-history":[{"count":0,"href":"https:\/\/elpueblo.com.do\/api-json\/wp\/v2\/posts\/1420\/revisions"}],"wp:attachment":[{"href":"https:\/\/elpueblo.com.do\/api-json\/wp\/v2\/media?parent=1420"}],"wp:term":[{"taxonomy":"category","embeddable":true,"href":"https:\/\/elpueblo.com.do\/api-json\/wp\/v2\/categories?post=1420"},{"taxonomy":"post_tag","embeddable":true,"href":"https:\/\/elpueblo.com.do\/api-json\/wp\/v2\/tags?post=1420"}],"curies":[{"name":"wp","href":"https:\/\/api.w.org\/{rel}","templated":true}]}}