{"id":1413,"date":"2021-07-04T16:39:30","date_gmt":"2021-07-04T20:39:30","guid":{"rendered":"https:\/\/elpueblo.com.do\/?p=1413"},"modified":"2021-07-04T16:39:34","modified_gmt":"2021-07-04T20:39:34","slug":"juventud-prende-y-emprende-una-iniciativa-que-trasciende","status":"publish","type":"post","link":"https:\/\/elpueblo.com.do\/actualidad\/juventud-prende-y-emprende-una-iniciativa-que-trasciende\/1413\/","title":{"rendered":"Juventud Prende y Emprende, una iniciativa que Trasciende."},"content":{"rendered":"\n<p>A poco menos de un a\u00f1o del nuevo senado, que surgi\u00f3 de las urnas el pasado 5 de julio del a\u00f1o 2020, muchas son las espectativas creadas en torno a los hombres llamados a dise\u00f1ar y aprobar la normativa, leyes y resoluciones que proyecten el cambio que prometi\u00f3 el partido ganador.<\/p>\n\n\n\n<p>Muchas son las conjeturas que se urden respecto al papel de un legislador, que como todos conocemos se circunscribe a la representaci\u00f3n, fiscalizaci\u00f3n y legislaci\u00f3n.<\/p>\n\n\n\n<p>Dentro del trabajo en el senado viene destac\u00e1ndose un proyecto at\u00edpico, por el contraste entre la funci\u00f3n del \u00f3rgano legislativo y la naturaleza del proyecto.<\/p>\n\n\n\n<p>Como una iniciativa del senador representante de la provincia La Romana el Dr Iv\u00e1n Silva, presidente de la comisi\u00f3n de juventud del senado, como un aporte al empoderamiento, desarrollo y formaci\u00f3n de una juventud que al capacitarse en diversas \u00e1reas u oficios, tendr\u00e1n como uno de sus compromisos, aportar con sus ideas y experiencias, en la socializacionde temas que ayuden en la creaci\u00f3n de pol\u00edticas legislativas de juventud.<\/p>\n\n\n\n<p>Ya graduados los primeros 185 instructores del proyecto que se sustenta econ\u00f3micamente, con aportes del sector privado, ahora se prepara en la ruta de iniciar la formaci\u00f3n de otros 9,000 j\u00f3venes que en aproximadamente 5 meses, ir\u00e1n a su graduaci\u00f3n para ser insertados en \u00e1reas laborales con el auspicio de sectores patrocinadores y empresas del sector privado, junto a embajadas que se han mostrado interesadas en apoyar este trabajo.<\/p>\n\n\n\n<p>El equipo t\u00e9cnico y operativo del proyecto avanza para muy pronto presentar e iniciar las clases que dar\u00e1n al traste con la graduaci\u00f3n de los mismos en las proximidades de noviembre.<\/p>\n\n\n\n<p>Los ya graduados valoran y promueven Juventud Prende y Emprende, como una estrategia novedosa que empoderar nuestros j\u00f3venes y los aleja de accionar en actividades que pudieren hacerle da\u00f1o.<\/p>\n\n\n\n<p>Con Juventud Prende y Emprende se abre un cap\u00edtulo positivo en el trabajo de comisiones de la c\u00e1mara alta, toda vez que ha recibido todo el respaldo del presidente del senado Ing Eduardo Estrella, los dem\u00e1s senadores y muy especialmente la comisi\u00f3n de juventud.<\/p>\n","protected":false},"excerpt":{"rendered":"<p>A poco menos de un a\u00f1o del nuevo senado, que surgi\u00f3 de las urnas el pasado 5 de julio del a\u00f1o 2020, muchas son las espectativas creadas en torno a los hombres llamados a dise\u00f1ar y aprobar la normativa, leyes y resoluciones que proyecten el cambio que prometi\u00f3 el partido ganador. Muchas son las conjeturas [&hellip;]<\/p>\n","protected":false},"author":1,"featured_media":1414,"comment_status":"open","ping_status":"open","sticky":false,"template":"","format":"standard","meta":{"footnotes":""},"categories":[32,41,34],"tags":[148,329,281],"class_list":{"0":"post-1413","1":"post","2":"type-post","3":"status-publish","4":"format-standard","5":"has-post-thumbnail","7":"category-actualidad","8":"category-economia","9":"category-politica","10":"tag-ivan-silva","11":"tag-juventud-prende-y-emprende","12":"tag-senado"},"_links":{"self":[{"href":"https:\/\/elpueblo.com.do\/api-json\/wp\/v2\/posts\/1413","targetHints":{"allow":["GET"]}}],"collection":[{"href":"https:\/\/elpueblo.com.do\/api-json\/wp\/v2\/posts"}],"about":[{"href":"https:\/\/elpueblo.com.do\/api-json\/wp\/v2\/types\/post"}],"author":[{"embeddable":true,"href":"https:\/\/elpueblo.com.do\/api-json\/wp\/v2\/users\/1"}],"replies":[{"embeddable":true,"href":"https:\/\/elpueblo.com.do\/api-json\/wp\/v2\/comments?post=1413"}],"version-history":[{"count":0,"href":"https:\/\/elpueblo.com.do\/api-json\/wp\/v2\/posts\/1413\/revisions"}],"wp:featuredmedia":[{"embeddable":true,"href":"https:\/\/elpueblo.com.do\/api-json\/wp\/v2\/media\/1414"}],"wp:attachment":[{"href":"https:\/\/elpueblo.com.do\/api-json\/wp\/v2\/media?parent=1413"}],"wp:term":[{"taxonomy":"category","embeddable":true,"href":"https:\/\/elpueblo.com.do\/api-json\/wp\/v2\/categories?post=1413"},{"taxonomy":"post_tag","embeddable":true,"href":"https:\/\/elpueblo.com.do\/api-json\/wp\/v2\/tags?post=1413"}],"curies":[{"name":"wp","href":"https:\/\/api.w.org\/{rel}","templated":true}]}}