{"id":1410,"date":"2021-06-16T21:52:37","date_gmt":"2021-06-17T01:52:37","guid":{"rendered":"https:\/\/elpueblo.com.do\/?p=1410"},"modified":"2021-06-16T21:52:40","modified_gmt":"2021-06-17T01:52:40","slug":"senador-ivan-silva-propone-responsabilizar-a-couriers-de-danos-a-mercancias","status":"publish","type":"post","link":"https:\/\/elpueblo.com.do\/actualidad\/senador-ivan-silva-propone-responsabilizar-a-couriers-de-danos-a-mercancias\/1410\/","title":{"rendered":"Senador Iv\u00e1n Silva propone responsabilizar a couriers de da\u00f1os a mercanc\u00edas"},"content":{"rendered":"\n<p>Santo Domingo. El senador por la provincia de La Romana, Iv\u00e1n Silva, plante\u00f3 una propuesta que busca responsabilizar a los couriers de los da\u00f1os que sufran las mercanc\u00edas durante el proceso de transportaci\u00f3n, para que sea considerada e introducida en el proyecto de ley que busca reformar el actual estatuto de Aduanas.<\/p>\n\n\n\n<p>\u201cTodos hemos sido v\u00edctimas del atropello de los couriers, pues sin ning\u00fan control miden, pesan la mercanc\u00eda y le ponen precio al transporte de esta, pero lo peor es que no se hacen responsables de los da\u00f1os de los art\u00edculos que transportan\u201d, enfatiz\u00f3.<\/p>\n\n\n\n<p>Silva, senador y m\u00e9dico, tambi\u00e9n manifest\u00f3 que hay una falla en la Ley de Aduanas y la Ley org\u00e1nica del Instituto Postal, lo que a su juicio ha tenido como consecuencia que el negocio de los couriers sea exitoso en el pa\u00eds por lo que sugiri\u00f3 se agregue en el art\u00edculo 65 de la Ley Aduanera, los da\u00f1os a mercanc\u00edas que transportan a terceros, as\u00ed como tambi\u00e9n que el pago y derecho a impuestos corra por estos.<\/p>\n\n\n\n<p>Con la nueva pieza legislativa se busca poner en vigencia una Ley General de Aduanas moderna que sustituya la No. 3489.<\/p>\n\n\n\n<p>El proyecto busca facilitar y agilizar las operaciones de comercio exterior, controlar y fiscalizar el paso de las mercanc\u00edas por el territorio aduanero y percibir las cargas impositivas establecidas por ley.<\/p>\n","protected":false},"excerpt":{"rendered":"<p>Santo Domingo. El senador por la provincia de La Romana, Iv\u00e1n Silva, plante\u00f3 una propuesta que busca responsabilizar a los couriers de los da\u00f1os que sufran las mercanc\u00edas durante el proceso de transportaci\u00f3n, para que sea considerada e introducida en el proyecto de ley que busca reformar el actual estatuto de Aduanas. \u201cTodos hemos sido [&hellip;]<\/p>\n","protected":false},"author":2,"featured_media":1241,"comment_status":"open","ping_status":"open","sticky":false,"template":"","format":"standard","meta":{"footnotes":""},"categories":[32,41,34,39],"tags":[328,148,266,281],"class_list":{"0":"post-1410","1":"post","2":"type-post","3":"status-publish","4":"format-standard","5":"has-post-thumbnail","7":"category-actualidad","8":"category-economia","9":"category-politica","10":"category-sociales","11":"tag-couriers","12":"tag-ivan-silva","13":"tag-la-romana","14":"tag-senado"},"_links":{"self":[{"href":"https:\/\/elpueblo.com.do\/api-json\/wp\/v2\/posts\/1410","targetHints":{"allow":["GET"]}}],"collection":[{"href":"https:\/\/elpueblo.com.do\/api-json\/wp\/v2\/posts"}],"about":[{"href":"https:\/\/elpueblo.com.do\/api-json\/wp\/v2\/types\/post"}],"author":[{"embeddable":true,"href":"https:\/\/elpueblo.com.do\/api-json\/wp\/v2\/users\/2"}],"replies":[{"embeddable":true,"href":"https:\/\/elpueblo.com.do\/api-json\/wp\/v2\/comments?post=1410"}],"version-history":[{"count":0,"href":"https:\/\/elpueblo.com.do\/api-json\/wp\/v2\/posts\/1410\/revisions"}],"wp:featuredmedia":[{"embeddable":true,"href":"https:\/\/elpueblo.com.do\/api-json\/wp\/v2\/media\/1241"}],"wp:attachment":[{"href":"https:\/\/elpueblo.com.do\/api-json\/wp\/v2\/media?parent=1410"}],"wp:term":[{"taxonomy":"category","embeddable":true,"href":"https:\/\/elpueblo.com.do\/api-json\/wp\/v2\/categories?post=1410"},{"taxonomy":"post_tag","embeddable":true,"href":"https:\/\/elpueblo.com.do\/api-json\/wp\/v2\/tags?post=1410"}],"curies":[{"name":"wp","href":"https:\/\/api.w.org\/{rel}","templated":true}]}}