{"id":1401,"date":"2021-06-13T18:10:06","date_gmt":"2021-06-13T22:10:06","guid":{"rendered":"https:\/\/elpueblo.com.do\/?p=1401"},"modified":"2021-06-13T18:10:09","modified_gmt":"2021-06-13T22:10:09","slug":"alza-de-los-precios-de-productos-basicos-de-consumo-es-consecuencia-de-la-pandemia-y-tardara-en-cambiar","status":"publish","type":"post","link":"https:\/\/elpueblo.com.do\/actualidad\/alza-de-los-precios-de-productos-basicos-de-consumo-es-consecuencia-de-la-pandemia-y-tardara-en-cambiar\/1401\/","title":{"rendered":"Alza de los precios de productos b\u00e1sicos de consumo es consecuencia de la pandemia y tardar\u00e1 en cambiar"},"content":{"rendered":"\n<p><em>Santo Domingo<\/em>. El viceministro de Industria y Comercio, Monchy P\u00e9rez Ferm\u00edn, manifest\u00f3 que las alzas de los precios de productos de consumo masivo se deben a la desvalorizaci\u00f3n que surgi\u00f3 por el desplome econ\u00f3mico como consecuencia de la pandemia del Covid-19.<\/p>\n\n\n\n<p>\u201cLa econom\u00eda se vio afectada por el paro abrupto de esta a nivel mundial, lo que provoc\u00f3 carest\u00eda en todo el tracto comercial, de igual forma tampoco hab\u00eda consumo ni procesamiento de esas materias primas\u201d, explic\u00f3 el funcionario.<\/p>\n\n\n\n<p>A su juicio, otro elemento a considerar es el costo de los fletes a nivel internacional, pues estos antes de la pandemia costaban $USD 2,400 y actualmente est\u00e1n a $USD 8,500 d\u00f3lares, lo cual ha encarecido toda la cadena de comercializaci\u00f3n.<\/p>\n\n\n\n<p>Entrevistado en el programa Esfera Global, que conduce la analista pol\u00edtica Marjorie F\u00e9lix, todos los domingos de 10:00-11:00 de la ma\u00f1ana, por CDN canal 37, el funcionario expres\u00f3 que la situaci\u00f3n actual corresponde a un fen\u00f3meno global y que tardar\u00e1 un poco en cambiar.<\/p>\n\n\n\n<figure class=\"wp-block-image size-large\"><img decoding=\"async\" width=\"1024\" height=\"784\" data-src=\"https:\/\/elpueblo.com.do\/sources\/smush-webp\/2021\/06\/IMG_20210613_180649-1024x784.jpg.webp\" alt=\"\" class=\"wp-image-1404 lazyload\" data-srcset=\"https:\/\/elpueblo.com.do\/sources\/smush-webp\/2021\/06\/IMG_20210613_180649-1024x784.jpg.webp 1024w, https:\/\/elpueblo.com.do\/sources\/smush-webp\/2021\/06\/IMG_20210613_180649-300x230.jpg.webp 300w, https:\/\/elpueblo.com.do\/sources\/smush-webp\/2021\/06\/IMG_20210613_180649-768x588.jpg.webp 768w, https:\/\/elpueblo.com.do\/sources\/smush-webp\/2021\/06\/IMG_20210613_180649-696x533.jpg.webp 696w, https:\/\/elpueblo.com.do\/sources\/smush-webp\/2021\/06\/IMG_20210613_180649-1068x818.jpg.webp 1068w, https:\/\/elpueblo.com.do\/sources\/smush-webp\/2021\/06\/IMG_20210613_180649-549x420.jpg.webp 549w, https:\/\/elpueblo.com.do\/sources\/smush-webp\/2021\/06\/IMG_20210613_180649-80x60.jpg.webp 80w, https:\/\/elpueblo.com.do\/sources\/smush-webp\/2021\/06\/IMG_20210613_180649.jpg.webp 1280w\" data-sizes=\"(max-width: 1024px) 100vw, 1024px\" src=\"data:image\/svg+xml;base64,PHN2ZyB3aWR0aD0iMSIgaGVpZ2h0PSIxIiB4bWxucz0iaHR0cDovL3d3dy53My5vcmcvMjAwMC9zdmciPjwvc3ZnPg==\" style=\"--smush-placeholder-width: 1024px; --smush-placeholder-aspect-ratio: 1024\/784;\" data-smush-webp-fallback=\"{&quot;data-src&quot;:&quot;https:\\\/\\\/elpueblo.com.do\\\/wp-content\\\/uploads\\\/2021\\\/06\\\/IMG_20210613_180649-1024x784.jpg&quot;,&quot;data-srcset&quot;:&quot;https:\\\/\\\/elpueblo.com.do\\\/wp-content\\\/uploads\\\/2021\\\/06\\\/IMG_20210613_180649-1024x784.jpg 1024w, https:\\\/\\\/elpueblo.com.do\\\/wp-content\\\/uploads\\\/2021\\\/06\\\/IMG_20210613_180649-300x230.jpg 300w, https:\\\/\\\/elpueblo.com.do\\\/wp-content\\\/uploads\\\/2021\\\/06\\\/IMG_20210613_180649-768x588.jpg 768w, https:\\\/\\\/elpueblo.com.do\\\/wp-content\\\/uploads\\\/2021\\\/06\\\/IMG_20210613_180649-696x533.jpg 696w, https:\\\/\\\/elpueblo.com.do\\\/wp-content\\\/uploads\\\/2021\\\/06\\\/IMG_20210613_180649-1068x818.jpg 1068w, https:\\\/\\\/elpueblo.com.do\\\/wp-content\\\/uploads\\\/2021\\\/06\\\/IMG_20210613_180649-549x420.jpg 549w, https:\\\/\\\/elpueblo.com.do\\\/wp-content\\\/uploads\\\/2021\\\/06\\\/IMG_20210613_180649-80x60.jpg 80w, https:\\\/\\\/elpueblo.com.do\\\/wp-content\\\/uploads\\\/2021\\\/06\\\/IMG_20210613_180649.jpg 1280w&quot;}\" \/><\/figure>\n\n\n\n<p>Sobre la especulaci\u00f3n en los precios de los productos en general, dijo que esta es un reflejo del encarecimiento de las materias primas a nivel internacional y que, a pesar de ello, se ha podido estabilizar el costo de productos b\u00e1sicos como el pl\u00e1tano, el pollo y las habichuelas.<\/p>\n\n\n\n<p>El viceministro tambi\u00e9n consider\u00f3 como un acto irresponsable de algunos sectores decir que el pa\u00eds est\u00e1 en la direcci\u00f3n equivocada, lo cual entiende no es cierto, ya que la Rep\u00fablica Dominicana tiene un Gobierno emp\u00e1tico que se preocupa por los detalles que afectan a la poblaci\u00f3n.<\/p>\n\n\n\n<p><em>Otro punto de vista<\/em><\/p>\n\n\n\n<p>Para Altagracia Paulino, ex directora de Pro Consumidor, el Gobierno no ha prestado la debida atenci\u00f3n al alza de los precios de productos, pues no se ha reunido con los importadores y productores, para acordar precios de referencia a los productos b\u00e1sicos de primera necesidad, como forma de controlar la especulaci\u00f3n en el mercado local.<\/p>\n\n\n\n<p>En ese sentido, la ex funcionaria sugiri\u00f3 una reuni\u00f3n de alto nivel con los importadores, empresarios manufactureros y autoridades nacionales competentes en la materia, con la finalidad de que se fijen precios de referencia.<\/p>\n\n\n\n<p>En cuanto al \u00edndice de precios actual, Paulino entiende es negativo, pues a su juicio, los levantamientos de informaci\u00f3n que hacen las autoridades no corresponden a la realidad.<\/p>\n\n\n\n<p>Seg\u00fan la ex directora de Pro Consumidor, los productos b\u00e1sicos de temporada como el pl\u00e1tano, tienden a bajar en esta \u00e9poca donde hay abundancia de ellos, por una cuesti\u00f3n de clima. A la vez resalt\u00f3 la abundancia, en el primer trimestre del a\u00f1o 2021, de alimentos de consumo b\u00e1sicos como la papa, la cebolla, el tomate y los aj\u00edes, en cuyos precios la poblaci\u00f3n ve una baja, no atribuible a ninguna actuaci\u00f3n del Gobiermo, por las razones ya expuestas.<\/p>\n\n\n\n<p>\u201cSer\u00eda un error medir la estabilidad de los precios en el pa\u00eds, tomando como referencia productos de temporada\u201d, apunt\u00f3.<\/p>\n","protected":false},"excerpt":{"rendered":"<p>Santo Domingo. El viceministro de Industria y Comercio, Monchy P\u00e9rez Ferm\u00edn, manifest\u00f3 que las alzas de los precios de productos de consumo masivo se deben a la desvalorizaci\u00f3n que surgi\u00f3 por el desplome econ\u00f3mico como consecuencia de la pandemia del Covid-19. \u201cLa econom\u00eda se vio afectada por el paro abrupto de esta a nivel mundial, [&hellip;]<\/p>\n","protected":false},"author":1,"featured_media":1403,"comment_status":"open","ping_status":"open","sticky":false,"template":"","format":"standard","meta":{"footnotes":""},"categories":[32],"tags":[],"class_list":{"0":"post-1401","1":"post","2":"type-post","3":"status-publish","4":"format-standard","5":"has-post-thumbnail","7":"category-actualidad"},"_links":{"self":[{"href":"https:\/\/elpueblo.com.do\/api-json\/wp\/v2\/posts\/1401","targetHints":{"allow":["GET"]}}],"collection":[{"href":"https:\/\/elpueblo.com.do\/api-json\/wp\/v2\/posts"}],"about":[{"href":"https:\/\/elpueblo.com.do\/api-json\/wp\/v2\/types\/post"}],"author":[{"embeddable":true,"href":"https:\/\/elpueblo.com.do\/api-json\/wp\/v2\/users\/1"}],"replies":[{"embeddable":true,"href":"https:\/\/elpueblo.com.do\/api-json\/wp\/v2\/comments?post=1401"}],"version-history":[{"count":0,"href":"https:\/\/elpueblo.com.do\/api-json\/wp\/v2\/posts\/1401\/revisions"}],"wp:featuredmedia":[{"embeddable":true,"href":"https:\/\/elpueblo.com.do\/api-json\/wp\/v2\/media\/1403"}],"wp:attachment":[{"href":"https:\/\/elpueblo.com.do\/api-json\/wp\/v2\/media?parent=1401"}],"wp:term":[{"taxonomy":"category","embeddable":true,"href":"https:\/\/elpueblo.com.do\/api-json\/wp\/v2\/categories?post=1401"},{"taxonomy":"post_tag","embeddable":true,"href":"https:\/\/elpueblo.com.do\/api-json\/wp\/v2\/tags?post=1401"}],"curies":[{"name":"wp","href":"https:\/\/api.w.org\/{rel}","templated":true}]}}