{"id":1395,"date":"2021-05-25T13:33:48","date_gmt":"2021-05-25T17:33:48","guid":{"rendered":"https:\/\/elpueblo.com.do\/?p=1395"},"modified":"2021-05-25T13:33:51","modified_gmt":"2021-05-25T17:33:51","slug":"expertos-en-derecho-proponen-a-rd-acudir-ante-la-corte-internacional-de-justicia-para-resolver-conflicto-fronterizo","status":"publish","type":"post","link":"https:\/\/elpueblo.com.do\/actualidad\/expertos-en-derecho-proponen-a-rd-acudir-ante-la-corte-internacional-de-justicia-para-resolver-conflicto-fronterizo\/1395\/","title":{"rendered":"Expertos en derecho proponen a RD acudir ante la Corte Internacional de Justicia para resolver conflicto fronterizo"},"content":{"rendered":"\n<p>La construcci\u00f3n de un canal de riego en Juana M\u00e9ndez (Hait\u00ed) que procura desviar una parte importante del r\u00edo Masacre, el cual nace en Rep\u00fablica Dominicana, ha generado debates y encuentros entre funcionarios de las dos naciones caribe\u00f1as sin que hasta el momento se haya llegado a un acuerdo.<\/p>\n\n\n\n<p>Sobre este conflicto, el abogado y experto en Derecho Internacional, V\u00edctor Villanueva, explic\u00f3 que en el a\u00f1o 1900 ambas naciones establecieron un protocolo fronterizo en donde los dos territorios acordaron el uso y disfrute del r\u00edo de forma equitativa y prudente.<\/p>\n\n\n\n<p>Entrevistado en el programa Esfera Global, que conduce la analista pol\u00edtica Marjorie F\u00e9lix, explic\u00f3 tambi\u00e9n que la resoluci\u00f3n 51-229 de la Asamblea General de las Naciones Unidas, emitida en julio del 1997, establece que ambos Estados deben cooperar y proteger el r\u00edo Dajab\u00f3n y, en caso de conflicto, plantea un mecanismo de soluciones.<\/p>\n\n\n\n<p>Consider\u00f3 que la conducta del Estado dominicano ante el comportamiento del gobierno haitiano ha sido irresponsable y descuidada, pues la Rep\u00fablica tiene la responsabilidad de mantener la soberan\u00eda del pa\u00eds de cara a la preservaci\u00f3n de los recursos naturales.<\/p>\n\n\n\n<p>\u201cEl Gobierno no puede permitir que se cambie la ruta del afluente porque con esto se lacera directamente la posici\u00f3n de la soberan\u00eda de nuestro espacio; Hait\u00ed debi\u00f3 notificar al pa\u00eds de cualquier obra o infraestructura que se fuera a desarrollar sobre aguas comunes, as\u00ed sea sobre su territorio, pues la consecuencia de esta acci\u00f3n puede ser el cambio de l\u00edmites fronterizos,\u201d manifest\u00f3.<\/p>\n\n\n\n<p>El entendido tambi\u00e9n revel\u00f3 que en caso de no haber un cambio en la conducta del vecino pa\u00eds, la Rep\u00fablica Dominicana tendr\u00e1 que ponderar acudir ante la Corte Internacional de Justicia, para hacer valer los tratados vinculantes y la responsabilidad internacional del Gobierno haitiano.<\/p>\n\n\n\n<p>En este sentido, la tambi\u00e9n experta en derecho internacional, Cristina Aguiar, expres\u00f3 que la dificultad del pa\u00eds con Hait\u00ed es que no hay interlocutores institucionales v\u00e1lidos, porque la institucionalidad haitiana est\u00e1 en diluci\u00f3n.<\/p>\n\n\n\n<p>Entrevistada tambi\u00e9n en el programa Esfera Global, la jurista y profesora cit\u00f3 lo expuesto por un estudiante haitiano, quien manifest\u00f3 en una de sus clases que en el vecino pa\u00eds hay un problema cultural, una mentalidad de no tener cultura de cumplimiento de los tratados, porque Hait\u00ed es un estado fallido.<\/p>\n\n\n\n<p><img decoding=\"async\" width=\"150\" height=\"84\" class=\"wp-image-1396 lazyload\" style=\"--smush-placeholder-width: 150px; --smush-placeholder-aspect-ratio: 150\/84;width: 150px;\" data-src=\"https:\/\/elpueblo.com.do\/sources\/smush-webp\/2021\/05\/IMG-20210525-WA0018.jpg.webp\" alt=\"\" data-srcset=\"https:\/\/elpueblo.com.do\/sources\/smush-webp\/2021\/05\/IMG-20210525-WA0018.jpg.webp 1280w, https:\/\/elpueblo.com.do\/archivos\/2021\/05\/IMG-20210525-WA0018-300x169.jpg 300w, https:\/\/elpueblo.com.do\/sources\/smush-webp\/2021\/05\/IMG-20210525-WA0018-1024x576.jpg.webp 1024w, https:\/\/elpueblo.com.do\/sources\/smush-webp\/2021\/05\/IMG-20210525-WA0018-768x432.jpg.webp 768w, https:\/\/elpueblo.com.do\/sources\/smush-webp\/2021\/05\/IMG-20210525-WA0018-696x385.jpg.webp 696w, https:\/\/elpueblo.com.do\/sources\/smush-webp\/2021\/05\/IMG-20210525-WA0018-1068x601.jpg.webp 1068w, https:\/\/elpueblo.com.do\/sources\/smush-webp\/2021\/05\/IMG-20210525-WA0018-747x420.jpg.webp 747w\" data-sizes=\"(max-width: 150px) 100vw, 150px\" src=\"data:image\/svg+xml;base64,PHN2ZyB3aWR0aD0iMSIgaGVpZ2h0PSIxIiB4bWxucz0iaHR0cDovL3d3dy53My5vcmcvMjAwMC9zdmciPjwvc3ZnPg==\" data-smush-webp-fallback=\"{&quot;data-src&quot;:&quot;https:\\\/\\\/elpueblo.com.do\\\/wp-content\\\/uploads\\\/2021\\\/05\\\/IMG-20210525-WA0018.jpg&quot;,&quot;data-srcset&quot;:&quot;https:\\\/\\\/elpueblo.com.do\\\/wp-content\\\/uploads\\\/2021\\\/05\\\/IMG-20210525-WA0018.jpg 1280w, https:\\\/\\\/elpueblo.com.do\\\/wp-content\\\/uploads\\\/2021\\\/05\\\/IMG-20210525-WA0018-300x169.jpg 300w, https:\\\/\\\/elpueblo.com.do\\\/wp-content\\\/uploads\\\/2021\\\/05\\\/IMG-20210525-WA0018-1024x576.jpg 1024w, https:\\\/\\\/elpueblo.com.do\\\/wp-content\\\/uploads\\\/2021\\\/05\\\/IMG-20210525-WA0018-768x432.jpg 768w, https:\\\/\\\/elpueblo.com.do\\\/wp-content\\\/uploads\\\/2021\\\/05\\\/IMG-20210525-WA0018-696x385.jpg 696w, https:\\\/\\\/elpueblo.com.do\\\/wp-content\\\/uploads\\\/2021\\\/05\\\/IMG-20210525-WA0018-1068x601.jpg 1068w, https:\\\/\\\/elpueblo.com.do\\\/wp-content\\\/uploads\\\/2021\\\/05\\\/IMG-20210525-WA0018-747x420.jpg 747w&quot;}\" \/>Asimismo, consider\u00f3 que la Rep\u00fablica Dominicana debe presentar el caso ante la Corte Internacional de Justicia, pues a su juicio, tener una sentencia de la corte da mucha autoridad al pa\u00eds que la obtiene<\/p>\n","protected":false},"excerpt":{"rendered":"<p>La construcci\u00f3n de un canal de riego en Juana M\u00e9ndez (Hait\u00ed) que procura desviar una parte importante del r\u00edo Masacre, el cual nace en Rep\u00fablica Dominicana, ha generado debates y encuentros entre funcionarios de las dos naciones caribe\u00f1as sin que hasta el momento se haya llegado a un acuerdo. Sobre este conflicto, el abogado y [&hellip;]<\/p>\n","protected":false},"author":5,"featured_media":1397,"comment_status":"open","ping_status":"open","sticky":false,"template":"","format":"standard","meta":{"footnotes":""},"categories":[32],"tags":[],"class_list":{"0":"post-1395","1":"post","2":"type-post","3":"status-publish","4":"format-standard","5":"has-post-thumbnail","7":"category-actualidad"},"_links":{"self":[{"href":"https:\/\/elpueblo.com.do\/api-json\/wp\/v2\/posts\/1395","targetHints":{"allow":["GET"]}}],"collection":[{"href":"https:\/\/elpueblo.com.do\/api-json\/wp\/v2\/posts"}],"about":[{"href":"https:\/\/elpueblo.com.do\/api-json\/wp\/v2\/types\/post"}],"author":[{"embeddable":true,"href":"https:\/\/elpueblo.com.do\/api-json\/wp\/v2\/users\/5"}],"replies":[{"embeddable":true,"href":"https:\/\/elpueblo.com.do\/api-json\/wp\/v2\/comments?post=1395"}],"version-history":[{"count":0,"href":"https:\/\/elpueblo.com.do\/api-json\/wp\/v2\/posts\/1395\/revisions"}],"wp:featuredmedia":[{"embeddable":true,"href":"https:\/\/elpueblo.com.do\/api-json\/wp\/v2\/media\/1397"}],"wp:attachment":[{"href":"https:\/\/elpueblo.com.do\/api-json\/wp\/v2\/media?parent=1395"}],"wp:term":[{"taxonomy":"category","embeddable":true,"href":"https:\/\/elpueblo.com.do\/api-json\/wp\/v2\/categories?post=1395"},{"taxonomy":"post_tag","embeddable":true,"href":"https:\/\/elpueblo.com.do\/api-json\/wp\/v2\/tags?post=1395"}],"curies":[{"name":"wp","href":"https:\/\/api.w.org\/{rel}","templated":true}]}}