{"id":1392,"date":"2021-04-06T20:34:09","date_gmt":"2021-04-07T00:34:09","guid":{"rendered":"https:\/\/elpueblo.com.do\/?p=1392"},"modified":"2021-04-06T20:34:12","modified_gmt":"2021-04-07T00:34:12","slug":"ambioris-rossis-pudiere-ser-candidato-de-consenso-en-2024","status":"publish","type":"post","link":"https:\/\/elpueblo.com.do\/actualidad\/ambioris-rossis-pudiere-ser-candidato-de-consenso-en-2024\/1392\/","title":{"rendered":"Ambioris Rossis pudiere ser Candidato de consenso en 2024"},"content":{"rendered":"\n<p>Un grupo de dirigentes perremeistas de San Jos\u00e9 de Ocoa, se preparan para proponer al partido una v\u00eda pol\u00edtica que presente al empresario ocoe\u00f1o Ambioris Rossis como candidato \u00fanico para la representar el PRM en la boleta a senador.<\/p>\n\n\n\n<p>Para los proponentes resulta un acto de justicia que se reivindique, respecto a la realidad del pasado proceso electoral donde se le limit\u00f3 su participaci\u00f3n producto de un acuerdo que limit\u00f3 su posibilidad de ser el Senador de la provincia, donde presentaba los mejores n\u00fameros para ganar dicha posici\u00f3n.<\/p>\n\n\n\n<p>La provincia de Ocoa tiene en Ambioris Rossis el principal activo para el presente y futuro de sus decisiones pol\u00edticas y para los procesos que nos presenta la coyuntura.<\/p>\n\n\n\n<p>En las pr\u00f3ximas semanas los dirigentes interesados en promover, al empresario que para ellos fue sacrificado por un acuerdo que le impidi\u00f3 presentarsecomo senador para las elecciones del 2020, har\u00e1n p\u00fablicas sus pretensiones en favor de Rossis.<\/p>\n","protected":false},"excerpt":{"rendered":"<p>Un grupo de dirigentes perremeistas de San Jos\u00e9 de Ocoa, se preparan para proponer al partido una v\u00eda pol\u00edtica que presente al empresario ocoe\u00f1o Ambioris Rossis como candidato \u00fanico para la representar el PRM en la boleta a senador. Para los proponentes resulta un acto de justicia que se reivindique, respecto a la realidad del [&hellip;]<\/p>\n","protected":false},"author":2,"featured_media":1393,"comment_status":"open","ping_status":"open","sticky":false,"template":"","format":"standard","meta":{"footnotes":""},"categories":[32,34],"tags":[327,273,274,281],"class_list":{"0":"post-1392","1":"post","2":"type-post","3":"status-publish","4":"format-standard","5":"has-post-thumbnail","7":"category-actualidad","8":"category-politica","9":"tag-327","10":"tag-ambioris-rossis","11":"tag-san-jose-de-ocoa","12":"tag-senado"},"_links":{"self":[{"href":"https:\/\/elpueblo.com.do\/api-json\/wp\/v2\/posts\/1392","targetHints":{"allow":["GET"]}}],"collection":[{"href":"https:\/\/elpueblo.com.do\/api-json\/wp\/v2\/posts"}],"about":[{"href":"https:\/\/elpueblo.com.do\/api-json\/wp\/v2\/types\/post"}],"author":[{"embeddable":true,"href":"https:\/\/elpueblo.com.do\/api-json\/wp\/v2\/users\/2"}],"replies":[{"embeddable":true,"href":"https:\/\/elpueblo.com.do\/api-json\/wp\/v2\/comments?post=1392"}],"version-history":[{"count":0,"href":"https:\/\/elpueblo.com.do\/api-json\/wp\/v2\/posts\/1392\/revisions"}],"wp:featuredmedia":[{"embeddable":true,"href":"https:\/\/elpueblo.com.do\/api-json\/wp\/v2\/media\/1393"}],"wp:attachment":[{"href":"https:\/\/elpueblo.com.do\/api-json\/wp\/v2\/media?parent=1392"}],"wp:term":[{"taxonomy":"category","embeddable":true,"href":"https:\/\/elpueblo.com.do\/api-json\/wp\/v2\/categories?post=1392"},{"taxonomy":"post_tag","embeddable":true,"href":"https:\/\/elpueblo.com.do\/api-json\/wp\/v2\/tags?post=1392"}],"curies":[{"name":"wp","href":"https:\/\/api.w.org\/{rel}","templated":true}]}}