{"id":1388,"date":"2021-03-07T00:02:31","date_gmt":"2021-03-07T04:02:31","guid":{"rendered":"https:\/\/elpueblo.com.do\/?p=1388"},"modified":"2021-03-07T00:02:34","modified_gmt":"2021-03-07T04:02:34","slug":"carolina-mejia-y-el-adn-al-rescate-de-los-espacios-publicos","status":"publish","type":"post","link":"https:\/\/elpueblo.com.do\/actualidad\/carolina-mejia-y-el-adn-al-rescate-de-los-espacios-publicos\/1388\/","title":{"rendered":"Carolina Mej\u00eda y el ADN, al rescate de los espacios p\u00fablicos"},"content":{"rendered":"\n<p>El a\u00f1o 2020 fue un a\u00f1o de grandes retos para los actores sociales y pol\u00edticos de todo el mundo. En medio de una grave crisis sanitaria que termin\u00f3 afectando duramente la econom\u00eda global y en especial los pa\u00edses sub desarrollados.<\/p>\n\n\n\n<p>A pesar de lo grave de la situaci\u00f3n que nos ha presentado el COVID 19, en la ciudad capital o distrito nacional, se ha luchado en contra de los pron\u00f3sticos negativos, propios de una realidad que padecemos.<\/p>\n\n\n\n<p>La alcald\u00eda del Distrito Nacional con Carolina Mej\u00eda ha comenzado con gran esfuerzo y dedicaci\u00f3n, para lograr sobreponerse a la realidad y adem\u00e1s de mantener a flote y bajo control, los servicios elementales de una gesti\u00f3n municipal.<\/p>\n\n\n\n<p>En las \u00faltimas semanas nos ha sorprendido gratamente con el trabajo interesante de rescate de diversos espacios p\u00fablicos que la poblaci\u00f3n debe disfrutar como parte las opciones atractivas que le ofrece la ciudad a sus municipes.<\/p>\n\n\n\n<p>Gran alegr\u00eda expresan municipes capitalinos al ver remozada el Monumento a las Naciones, el inicio de remozamiento de la plazoleta que honrrar al l\u00edder de masas Dr. Jos\u00e9 Francisco Pe\u00f1a G\u00f3mez, inici\u00f3 de aceras y contenes en Villa Juana, el pr\u00f3ximo inicio de rescate del bulevar de la 27 de febrero, la esperada intervenci\u00f3n de el entorno de la avenida Duarte y sus alrededores entre otras obras de inter\u00e9s para los citadinos adem\u00e1s de los visitantes a la ciudad primada de Am\u00e9rica.<\/p>\n\n\n\n<p>Carolina Mej\u00eda exhibe con esplendor sus dotes de gerente capaz de aprovechar crisis para convertirlas en oportunidades para todos.<\/p>\n","protected":false},"excerpt":{"rendered":"<p>El a\u00f1o 2020 fue un a\u00f1o de grandes retos para los actores sociales y pol\u00edticos de todo el mundo. En medio de una grave crisis sanitaria que termin\u00f3 afectando duramente la econom\u00eda global y en especial los pa\u00edses sub desarrollados. A pesar de lo grave de la situaci\u00f3n que nos ha presentado el COVID 19, [&hellip;]<\/p>\n","protected":false},"author":1,"featured_media":1389,"comment_status":"open","ping_status":"open","sticky":false,"template":"","format":"standard","meta":{"footnotes":""},"categories":[32,34,39],"tags":[302,324,270,326,325],"class_list":{"0":"post-1388","1":"post","2":"type-post","3":"status-publish","4":"format-standard","5":"has-post-thumbnail","7":"category-actualidad","8":"category-politica","9":"category-sociales","10":"tag-adn","11":"tag-alcaldia-del-distrito-nacional","12":"tag-carolina-mejia-2","13":"tag-ciudad-de-santo-domingo","14":"tag-espacios-publicos"},"_links":{"self":[{"href":"https:\/\/elpueblo.com.do\/api-json\/wp\/v2\/posts\/1388","targetHints":{"allow":["GET"]}}],"collection":[{"href":"https:\/\/elpueblo.com.do\/api-json\/wp\/v2\/posts"}],"about":[{"href":"https:\/\/elpueblo.com.do\/api-json\/wp\/v2\/types\/post"}],"author":[{"embeddable":true,"href":"https:\/\/elpueblo.com.do\/api-json\/wp\/v2\/users\/1"}],"replies":[{"embeddable":true,"href":"https:\/\/elpueblo.com.do\/api-json\/wp\/v2\/comments?post=1388"}],"version-history":[{"count":0,"href":"https:\/\/elpueblo.com.do\/api-json\/wp\/v2\/posts\/1388\/revisions"}],"wp:featuredmedia":[{"embeddable":true,"href":"https:\/\/elpueblo.com.do\/api-json\/wp\/v2\/media\/1389"}],"wp:attachment":[{"href":"https:\/\/elpueblo.com.do\/api-json\/wp\/v2\/media?parent=1388"}],"wp:term":[{"taxonomy":"category","embeddable":true,"href":"https:\/\/elpueblo.com.do\/api-json\/wp\/v2\/categories?post=1388"},{"taxonomy":"post_tag","embeddable":true,"href":"https:\/\/elpueblo.com.do\/api-json\/wp\/v2\/tags?post=1388"}],"curies":[{"name":"wp","href":"https:\/\/api.w.org\/{rel}","templated":true}]}}