{"id":1385,"date":"2021-02-16T22:45:21","date_gmt":"2021-02-17T02:45:21","guid":{"rendered":"https:\/\/elpueblo.com.do\/?p=1385"},"modified":"2021-02-16T22:45:24","modified_gmt":"2021-02-17T02:45:24","slug":"francisco-fana-destaca-en-presentacion-ante-comision-eleccion-nuevos-miembros-del-pleno-camara-de-cuentas","status":"publish","type":"post","link":"https:\/\/elpueblo.com.do\/actualidad\/francisco-fana-destaca-en-presentacion-ante-comision-eleccion-nuevos-miembros-del-pleno-camara-de-cuentas\/1385\/","title":{"rendered":"Francisco Fa\u00f1a destaca en presentaci\u00f3n ante Comisi\u00f3n elecci\u00f3n nuevos miembros del pleno C\u00e1mara de Cuentas"},"content":{"rendered":"\n<p>La tarde de este lunes, fue motivo de grata sorpresa para legisladores y ciudadanos interesados en la elecci\u00f3n de los miembros de la C\u00e1mara de cuentas de la Rep\u00fablica Dominicana.<\/p>\n\n\n\n<p>En una muy breve, pero, precisa entrevista ante los diputados que encabezan la comisi\u00f3n creada para la presentaci\u00f3n ante el senado de las ternas que deben enviar al senado para la selecci\u00f3n de la nueva composici\u00f3n del \u00f3rgano encargado del seguimiento y auditor\u00eda de las instituciones p\u00fablicas.<\/p>\n\n\n\n<p>Con un perfil propio de un profesional entregado y firme ante los retos, con formaci\u00f3n acad\u00e9mica muy s\u00f3lida y experiencia laboral coherente con la posici\u00f3n a la que aspira. El ingeniero Francisco Fa\u00f1a motiv\u00f3 sus aspiraciones con un manejo muy elocuente de los temas planteados. Donde fue muy evidente que este, representa ante una opci\u00f3n muy oportuna para el rescate y la restauraci\u00f3n de una instituci\u00f3n tan importante para el estado y su funcionamiento.<\/p>\n","protected":false},"excerpt":{"rendered":"<p>La tarde de este lunes, fue motivo de grata sorpresa para legisladores y ciudadanos interesados en la elecci\u00f3n de los miembros de la C\u00e1mara de cuentas de la Rep\u00fablica Dominicana. En una muy breve, pero, precisa entrevista ante los diputados que encabezan la comisi\u00f3n creada para la presentaci\u00f3n ante el senado de las ternas que [&hellip;]<\/p>\n","protected":false},"author":1,"featured_media":1387,"comment_status":"open","ping_status":"open","sticky":false,"template":"","format":"standard","meta":{"footnotes":""},"categories":[32,34],"tags":[321,323,320,322],"class_list":{"0":"post-1385","1":"post","2":"type-post","3":"status-publish","4":"format-standard","5":"has-post-thumbnail","7":"category-actualidad","8":"category-politica","9":"tag-camara-de-cuentas","10":"tag-camara-de-cuentas-2021","11":"tag-francisco-fana","12":"tag-pleno-camara-de-cuentas"},"_links":{"self":[{"href":"https:\/\/elpueblo.com.do\/api-json\/wp\/v2\/posts\/1385","targetHints":{"allow":["GET"]}}],"collection":[{"href":"https:\/\/elpueblo.com.do\/api-json\/wp\/v2\/posts"}],"about":[{"href":"https:\/\/elpueblo.com.do\/api-json\/wp\/v2\/types\/post"}],"author":[{"embeddable":true,"href":"https:\/\/elpueblo.com.do\/api-json\/wp\/v2\/users\/1"}],"replies":[{"embeddable":true,"href":"https:\/\/elpueblo.com.do\/api-json\/wp\/v2\/comments?post=1385"}],"version-history":[{"count":0,"href":"https:\/\/elpueblo.com.do\/api-json\/wp\/v2\/posts\/1385\/revisions"}],"wp:featuredmedia":[{"embeddable":true,"href":"https:\/\/elpueblo.com.do\/api-json\/wp\/v2\/media\/1387"}],"wp:attachment":[{"href":"https:\/\/elpueblo.com.do\/api-json\/wp\/v2\/media?parent=1385"}],"wp:term":[{"taxonomy":"category","embeddable":true,"href":"https:\/\/elpueblo.com.do\/api-json\/wp\/v2\/categories?post=1385"},{"taxonomy":"post_tag","embeddable":true,"href":"https:\/\/elpueblo.com.do\/api-json\/wp\/v2\/tags?post=1385"}],"curies":[{"name":"wp","href":"https:\/\/api.w.org\/{rel}","templated":true}]}}