{"id":1372,"date":"2020-11-08T19:29:02","date_gmt":"2020-11-08T23:29:02","guid":{"rendered":"https:\/\/elpueblo.com.do\/?p=1372"},"modified":"2020-11-08T19:29:06","modified_gmt":"2020-11-08T23:29:06","slug":"alcaldia-sde-facilita-tres-salones-multiusos-a-inaguja-para-la-instalacion-de-centros-de-capacitacion","status":"publish","type":"post","link":"https:\/\/elpueblo.com.do\/actualidad\/alcaldia-sde-facilita-tres-salones-multiusos-a-inaguja-para-la-instalacion-de-centros-de-capacitacion\/1372\/","title":{"rendered":"Alcald\u00eda SDE facilita tres salones multiusos a INAGUJA para la instalaci\u00f3n de centros de capacitaci\u00f3n"},"content":{"rendered":"\n<p><strong>Santo Domingo Este-<\/strong>\u00a0La Alcald\u00eda Santo Domingo Este encabezada por el alcalde\u00a0<strong>Manuel Jim\u00e9nez<\/strong>\u00a0facilit\u00f3 tres salones multiusos a la Industria Nacional de la Aguja (<strong>INAGUJA<\/strong>) para la instalaci\u00f3n de centros de capacitaci\u00f3n.<\/p>\n\n\n\n<p>Durante un recorrido realizado este s\u00e1bado por las instalaciones, el alcalde Manuel Jim\u00e9nez dijo que los mismos est\u00e1n ubicados en la urbanizaci\u00f3n Juan Pablo Duarte, Mendoza y Jardines del Ozama en Los&nbsp;<strong>Tres Brazos<\/strong>, nuevos locales donde se impartir\u00e1n clases de bisuter\u00edas, dise\u00f1o y confecci\u00f3n textil.<\/p>\n\n\n\n<p>Jim\u00e9nez, indic\u00f3 que esta alianza permitir\u00e1 que residentes en estas comunidades tengan la oportunidad de capacitarse en diferentes \u00e1reas y destac\u00f3 que como asesor en este proceso se encuentra el destacado dise\u00f1ador Martin Polanco junto a una comisi\u00f3n para que las egresadas en este municipio puedan elevar su nivel y a su vez servirle al pa\u00eds tanto a nivel nacional como internacional.<\/p>\n\n\n\n<p>De su lado, el encargado de capacitaciones de&nbsp;<strong>INAGUJA<\/strong>,&nbsp;<strong>Edgar Garc\u00eda<\/strong>, agradeci\u00f3 en nombre del director de la entidad,&nbsp;<strong>Paul Alm\u00e1nzar<\/strong>, al alcalde Manuel Jim\u00e9nez y a la comisi\u00f3n que le acompa\u00f1a en este proceso por su colaboraci\u00f3n y disposici\u00f3n de llevar capacitaci\u00f3n de calidad a los mun\u00edcipes de la referida demarcaci\u00f3n.<\/p>\n\n\n\n<p>Agreg\u00f3 que esta iniciativa se enmarca dentro del programa de gesti\u00f3n que se tiene contemplado para relanzar INAGUJA y acercarla a cada una de las diferentes comunidades y devolverla a su esencia, una instituci\u00f3n de servicio, que le brinda facilidades a las mujeres de capacitaci\u00f3n e inserci\u00f3n en el mercado laboral.<\/p>\n","protected":false},"excerpt":{"rendered":"<p>Santo Domingo Este-\u00a0La Alcald\u00eda Santo Domingo Este encabezada por el alcalde\u00a0Manuel Jim\u00e9nez\u00a0facilit\u00f3 tres salones multiusos a la Industria Nacional de la Aguja (INAGUJA) para la instalaci\u00f3n de centros de capacitaci\u00f3n. Durante un recorrido realizado este s\u00e1bado por las instalaciones, el alcalde Manuel Jim\u00e9nez dijo que los mismos est\u00e1n ubicados en la urbanizaci\u00f3n Juan Pablo Duarte, [&hellip;]<\/p>\n","protected":false},"author":2,"featured_media":1373,"comment_status":"open","ping_status":"open","sticky":false,"template":"","format":"standard","meta":{"footnotes":""},"categories":[32,41,34],"tags":[314,300,313,315],"class_list":{"0":"post-1372","1":"post","2":"type-post","3":"status-publish","4":"format-standard","5":"has-post-thumbnail","7":"category-actualidad","8":"category-economia","9":"category-politica","10":"tag-alcadia-de-santo-domingo-este","11":"tag-inaguja","12":"tag-manuel-jimenez","13":"tag-paul-almanzar"},"_links":{"self":[{"href":"https:\/\/elpueblo.com.do\/api-json\/wp\/v2\/posts\/1372","targetHints":{"allow":["GET"]}}],"collection":[{"href":"https:\/\/elpueblo.com.do\/api-json\/wp\/v2\/posts"}],"about":[{"href":"https:\/\/elpueblo.com.do\/api-json\/wp\/v2\/types\/post"}],"author":[{"embeddable":true,"href":"https:\/\/elpueblo.com.do\/api-json\/wp\/v2\/users\/2"}],"replies":[{"embeddable":true,"href":"https:\/\/elpueblo.com.do\/api-json\/wp\/v2\/comments?post=1372"}],"version-history":[{"count":0,"href":"https:\/\/elpueblo.com.do\/api-json\/wp\/v2\/posts\/1372\/revisions"}],"wp:featuredmedia":[{"embeddable":true,"href":"https:\/\/elpueblo.com.do\/api-json\/wp\/v2\/media\/1373"}],"wp:attachment":[{"href":"https:\/\/elpueblo.com.do\/api-json\/wp\/v2\/media?parent=1372"}],"wp:term":[{"taxonomy":"category","embeddable":true,"href":"https:\/\/elpueblo.com.do\/api-json\/wp\/v2\/categories?post=1372"},{"taxonomy":"post_tag","embeddable":true,"href":"https:\/\/elpueblo.com.do\/api-json\/wp\/v2\/tags?post=1372"}],"curies":[{"name":"wp","href":"https:\/\/api.w.org\/{rel}","templated":true}]}}