{"id":1357,"date":"2020-10-23T21:02:41","date_gmt":"2020-10-24T01:02:41","guid":{"rendered":"https:\/\/elpueblo.com.do\/?p=1357"},"modified":"2020-10-23T21:02:44","modified_gmt":"2020-10-24T01:02:44","slug":"adn-entrega-remozado-el-parque-iberoamerica","status":"publish","type":"post","link":"https:\/\/elpueblo.com.do\/actualidad\/adn-entrega-remozado-el-parque-iberoamerica\/1357\/","title":{"rendered":"ADN entrega remozado el Parque Iberoam\u00e9rica"},"content":{"rendered":"\n<p>La Alcaldesa del Distrito Nacional, Carolina Mej\u00eda, dej\u00f3 inaugurado el&nbsp;&nbsp;remozamiento del Parque Iberoam\u00e9rica, ubicado en la calle C\u00e9sar Nicol\u00e1s Penson del sector La Esperilla.<\/p>\n\n\n\n<p>Al \u00e1rea de recreaci\u00f3n se le incluy\u00f3 la extensi\u00f3n de la verja perimetral, reparaci\u00f3n de puertas y ba\u00f1os,\u00a0\u00a0dise\u00f1o y plantaci\u00f3n de jardineras, retiro de furgones y asfaltado del parqueo.\u00a0Asimismo fueron pintadas y arregladas las m\u00e1quinas del \u00e1rea de gimnasio, los postes de luz, contenes, puentes, bancos y\u00a0barandillas.<\/p>\n\n\n\n<p>Los trabajos de remozamiento abarcaron tambi\u00e9n la zona infantil, donde se adecu\u00f3 el piso y se retiraron los&nbsp;&nbsp;juegos peligrosos.<\/p>\n\n\n\n<p>Adem\u00e1s, se restaur\u00f3 la Cueva Santa Ana, se instal\u00f3 un sistema de riego y se colocaron dispensadores de fundas de desechos de Mascotas.<\/p>\n\n\n\n<p>Otro aspecto importante, fue la colocaci\u00f3n de paso peatonal en las calles paralelas y la&nbsp;&nbsp;construcci\u00f3n e instalaci\u00f3n de portones en las entradas de las v\u00edas Cesar Nicol\u00e1s Penson (Conservatorio), Ricardo Robles (Mormones) y la avenida&nbsp;&nbsp;Sim\u00f3n Bol\u00edvar.<\/p>\n\n\n\n<p>Durante el acto de inauguraci\u00f3n, la alcaldesa Carolina Mej\u00eda, hizo un reconocimiento a varias personalidades, como Ram\u00f3n Hip\u00f3lito Mej\u00eda, Natalia Franch, Eladio Fern\u00e1ndez, Andr\u00e9s Zaglul, Jos\u00e9 Rafael Contreras. As\u00ed como al Jard\u00edn Bot\u00e1nico, ARPA y el regidor Mario Sosa, quienes formaron parte de esta iniciativa.<\/p>\n\n\n\n<p>La entrega del remozamiento del parque, cont\u00f3 con la asistencia del vicealcalde Stalin Alc\u00e1ntara; el secretario general del cabildo, Hugo Beras; el director de Proyectos Especiales, Miguel Arturo Logro\u00f1o y otras autoridades municipales. Igualmente estuvieron presentes Bingene Salazar, presidenta de la Junta de Vecinos de La Esperilla y Montse Puigbo, miembro de la referida Junta y el personal que labora en el mismo.<\/p>\n","protected":false},"excerpt":{"rendered":"<p>La Alcaldesa del Distrito Nacional, Carolina Mej\u00eda, dej\u00f3 inaugurado el&nbsp;&nbsp;remozamiento del Parque Iberoam\u00e9rica, ubicado en la calle C\u00e9sar Nicol\u00e1s Penson del sector La Esperilla. Al \u00e1rea de recreaci\u00f3n se le incluy\u00f3 la extensi\u00f3n de la verja perimetral, reparaci\u00f3n de puertas y ba\u00f1os,\u00a0\u00a0dise\u00f1o y plantaci\u00f3n de jardineras, retiro de furgones y asfaltado del parqueo.\u00a0Asimismo fueron pintadas [&hellip;]<\/p>\n","protected":false},"author":1,"featured_media":1358,"comment_status":"open","ping_status":"open","sticky":false,"template":"","format":"standard","meta":{"footnotes":""},"categories":[32,39],"tags":[302,271,270,303],"class_list":{"0":"post-1357","1":"post","2":"type-post","3":"status-publish","4":"format-standard","5":"has-post-thumbnail","7":"category-actualidad","8":"category-sociales","9":"tag-adn","10":"tag-ayuntamiento-del-distrito-nacional","11":"tag-carolina-mejia-2","12":"tag-parque-iberoamericano"},"_links":{"self":[{"href":"https:\/\/elpueblo.com.do\/api-json\/wp\/v2\/posts\/1357","targetHints":{"allow":["GET"]}}],"collection":[{"href":"https:\/\/elpueblo.com.do\/api-json\/wp\/v2\/posts"}],"about":[{"href":"https:\/\/elpueblo.com.do\/api-json\/wp\/v2\/types\/post"}],"author":[{"embeddable":true,"href":"https:\/\/elpueblo.com.do\/api-json\/wp\/v2\/users\/1"}],"replies":[{"embeddable":true,"href":"https:\/\/elpueblo.com.do\/api-json\/wp\/v2\/comments?post=1357"}],"version-history":[{"count":0,"href":"https:\/\/elpueblo.com.do\/api-json\/wp\/v2\/posts\/1357\/revisions"}],"wp:featuredmedia":[{"embeddable":true,"href":"https:\/\/elpueblo.com.do\/api-json\/wp\/v2\/media\/1358"}],"wp:attachment":[{"href":"https:\/\/elpueblo.com.do\/api-json\/wp\/v2\/media?parent=1357"}],"wp:term":[{"taxonomy":"category","embeddable":true,"href":"https:\/\/elpueblo.com.do\/api-json\/wp\/v2\/categories?post=1357"},{"taxonomy":"post_tag","embeddable":true,"href":"https:\/\/elpueblo.com.do\/api-json\/wp\/v2\/tags?post=1357"}],"curies":[{"name":"wp","href":"https:\/\/api.w.org\/{rel}","templated":true}]}}