{"id":1354,"date":"2020-10-19T16:39:08","date_gmt":"2020-10-19T20:39:08","guid":{"rendered":"https:\/\/elpueblo.com.do\/?p=1354"},"modified":"2020-10-19T16:39:12","modified_gmt":"2020-10-19T20:39:12","slug":"inaguja-sensibiliza-sus-colaboradoras-sobre-la-importancia-de-la-prevencion-temprana-del-cancer-de-mama","status":"publish","type":"post","link":"https:\/\/elpueblo.com.do\/actualidad\/inaguja-sensibiliza-sus-colaboradoras-sobre-la-importancia-de-la-prevencion-temprana-del-cancer-de-mama\/1354\/","title":{"rendered":"INAGUJA sensibiliza sus colaboradoras sobre la importancia de la prevenci\u00f3n temprana del c\u00e1ncer de mama"},"content":{"rendered":"\n<p>Al conmemorarse este 19 de octubre el D\u00eda Mundial de la Lucha Contra el C\u00e1ncer de Mama, La Industria Nacional de la Aguja (INAGUJA), sensibiliz\u00f3 a sus colaboradores sobre la importancia de la detecci\u00f3n temprana de esta enfermedad la cual, seg\u00fan la Organizaci\u00f3n Mundial de la Salud (OMS), representa el 16% de los c\u00e1nceres femeninos.<\/p>\n\n\n\n<p>En un breve acto realizado en la parte frontal de la instituci\u00f3n, su director Paul Almanzar Hued, dijo que INAGUJA se sum\u00f3 desde principio del mes en curso a las instituciones del Estado que promueven la lucha contra el c\u00e1ncer de mama y destac\u00f3 que la mayor\u00eda del personal que all\u00ed labora son mujeres quienes un d\u00eda a la semana se identifican con una prenda de vestir y un lazo de color rosado como parte de esta campa\u00f1a preventiva.<\/p>\n\n\n\n<p>Revel\u00f3 que gracias Dios y la detecci\u00f3n temprana, su madre es sobreviviente de c\u00e1ncer de mama, situaci\u00f3n que le motiva a\u00fan m\u00e1s a llevar este mensaje de prevenci\u00f3n ya exhortarle a las que ya lo padecen a qu\u00e9 luchen y sigan hacia delante.<\/p>\n","protected":false},"excerpt":{"rendered":"<p>Al conmemorarse este 19 de octubre el D\u00eda Mundial de la Lucha Contra el C\u00e1ncer de Mama, La Industria Nacional de la Aguja (INAGUJA), sensibiliz\u00f3 a sus colaboradores sobre la importancia de la detecci\u00f3n temprana de esta enfermedad la cual, seg\u00fan la Organizaci\u00f3n Mundial de la Salud (OMS), representa el 16% de los c\u00e1nceres femeninos. [&hellip;]<\/p>\n","protected":false},"author":2,"featured_media":1355,"comment_status":"open","ping_status":"open","sticky":false,"template":"","format":"standard","meta":{"footnotes":""},"categories":[32,34,39],"tags":[301,300],"class_list":{"0":"post-1354","1":"post","2":"type-post","3":"status-publish","4":"format-standard","5":"has-post-thumbnail","7":"category-actualidad","8":"category-politica","9":"category-sociales","10":"tag-cancer-de-mama","11":"tag-inaguja"},"_links":{"self":[{"href":"https:\/\/elpueblo.com.do\/api-json\/wp\/v2\/posts\/1354","targetHints":{"allow":["GET"]}}],"collection":[{"href":"https:\/\/elpueblo.com.do\/api-json\/wp\/v2\/posts"}],"about":[{"href":"https:\/\/elpueblo.com.do\/api-json\/wp\/v2\/types\/post"}],"author":[{"embeddable":true,"href":"https:\/\/elpueblo.com.do\/api-json\/wp\/v2\/users\/2"}],"replies":[{"embeddable":true,"href":"https:\/\/elpueblo.com.do\/api-json\/wp\/v2\/comments?post=1354"}],"version-history":[{"count":0,"href":"https:\/\/elpueblo.com.do\/api-json\/wp\/v2\/posts\/1354\/revisions"}],"wp:featuredmedia":[{"embeddable":true,"href":"https:\/\/elpueblo.com.do\/api-json\/wp\/v2\/media\/1355"}],"wp:attachment":[{"href":"https:\/\/elpueblo.com.do\/api-json\/wp\/v2\/media?parent=1354"}],"wp:term":[{"taxonomy":"category","embeddable":true,"href":"https:\/\/elpueblo.com.do\/api-json\/wp\/v2\/categories?post=1354"},{"taxonomy":"post_tag","embeddable":true,"href":"https:\/\/elpueblo.com.do\/api-json\/wp\/v2\/tags?post=1354"}],"curies":[{"name":"wp","href":"https:\/\/api.w.org\/{rel}","templated":true}]}}