{"id":1352,"date":"2020-10-15T15:15:34","date_gmt":"2020-10-15T19:15:34","guid":{"rendered":"https:\/\/elpueblo.com.do\/?p=1352"},"modified":"2020-10-15T15:15:37","modified_gmt":"2020-10-15T19:15:37","slug":"el-senado-y-la-entrevista-a-eddy-olivares","status":"publish","type":"post","link":"https:\/\/elpueblo.com.do\/actualidad\/el-senado-y-la-entrevista-a-eddy-olivares\/1352\/","title":{"rendered":"El Senado y la entrevista a Eddy Olivares"},"content":{"rendered":"\n<p>En medio de un panorama pol\u00edtico, arropado por una crisis sanitaria mundial producto de una pandemia como la del COVID-19, es natural que las pasiones puedan aumentar su caudal de efervescencia.<\/p>\n\n\n\n<p>A prop\u00f3sito de la selecci\u00f3n por parte de los pr\u00f3ximos miembros titulares que han de guiar por 4 a\u00f1os los destinos de la organizaci\u00f3n administrativa y t\u00e9cnica electoral. Podemos observar un torrente irreverente de opiniones a favor y en contra de aquello que se plantea en este interesante escenario.<\/p>\n\n\n\n<p>Muchos son los dominicanos que hasta el momento han desfilado por el senado, ante una comisi\u00f3n creada para la evaluaci\u00f3n y propuesta al pleno, de los postulantes con las mejores condiciones para representar el \u00f3rgano encargado organizar los cert\u00e1menes electorales y lo relacionado al registro civil de los dominicanos.<\/p>\n\n\n\n<p>Hemos visto en ese escenario, una amalgama de participantes que han mostrado sus habilidades para desempe\u00f1ar esas funciones. Par\u00e1 ning\u00fan Dominicano, despojado de prejuicios pol\u00edticos, religiosos, sociales y comunitarios, ser\u00eda dif\u00edcil reconocer que dentro de los aspirantes (evaluados hasta este momento), el Dr. Eddy Olivares ha presentado las mejores credenciales y con ello, impresionado al m\u00e1s incr\u00e9dulo de sus adversarios coyunturales.<\/p>\n\n\n\n<p>Su personalidad sobria, con una ecuanimidad propia de los grandes actores de epopeyas y eventos que han marcado vida, el Magistrado ha dado la sensaci\u00f3n de absoluto control de los temas electorales.<\/p>\n\n\n\n<p>Se impone la necesidad de apartarnos del populismo y la ilusi\u00f3n de un sistema que raya en la hipocres\u00eda. Entender que necesitamos capacidad a toda prueba y entereza que permita en la JCE, una gesti\u00f3n m\u00e1s all\u00e1 de la superficialidad y nos Propongamos una administraci\u00f3n para la historia.<\/p>\n","protected":false},"excerpt":{"rendered":"<p>En medio de un panorama pol\u00edtico, arropado por una crisis sanitaria mundial producto de una pandemia como la del COVID-19, es natural que las pasiones puedan aumentar su caudal de efervescencia. A prop\u00f3sito de la selecci\u00f3n por parte de los pr\u00f3ximos miembros titulares que han de guiar por 4 a\u00f1os los destinos de la organizaci\u00f3n [&hellip;]<\/p>\n","protected":false},"author":2,"featured_media":1306,"comment_status":"open","ping_status":"open","sticky":false,"template":"","format":"standard","meta":{"footnotes":""},"categories":[32,34],"tags":[276,275,285,284,281],"class_list":{"0":"post-1352","1":"post","2":"type-post","3":"status-publish","4":"format-standard","5":"has-post-thumbnail","7":"category-actualidad","8":"category-politica","9":"tag-eddy-olivares","10":"tag-jce","11":"tag-jce-2020","12":"tag-miembros-jce","13":"tag-senado"},"_links":{"self":[{"href":"https:\/\/elpueblo.com.do\/api-json\/wp\/v2\/posts\/1352","targetHints":{"allow":["GET"]}}],"collection":[{"href":"https:\/\/elpueblo.com.do\/api-json\/wp\/v2\/posts"}],"about":[{"href":"https:\/\/elpueblo.com.do\/api-json\/wp\/v2\/types\/post"}],"author":[{"embeddable":true,"href":"https:\/\/elpueblo.com.do\/api-json\/wp\/v2\/users\/2"}],"replies":[{"embeddable":true,"href":"https:\/\/elpueblo.com.do\/api-json\/wp\/v2\/comments?post=1352"}],"version-history":[{"count":0,"href":"https:\/\/elpueblo.com.do\/api-json\/wp\/v2\/posts\/1352\/revisions"}],"wp:featuredmedia":[{"embeddable":true,"href":"https:\/\/elpueblo.com.do\/api-json\/wp\/v2\/media\/1306"}],"wp:attachment":[{"href":"https:\/\/elpueblo.com.do\/api-json\/wp\/v2\/media?parent=1352"}],"wp:term":[{"taxonomy":"category","embeddable":true,"href":"https:\/\/elpueblo.com.do\/api-json\/wp\/v2\/categories?post=1352"},{"taxonomy":"post_tag","embeddable":true,"href":"https:\/\/elpueblo.com.do\/api-json\/wp\/v2\/tags?post=1352"}],"curies":[{"name":"wp","href":"https:\/\/api.w.org\/{rel}","templated":true}]}}