{"id":1347,"date":"2020-10-12T18:00:25","date_gmt":"2020-10-12T22:00:25","guid":{"rendered":"https:\/\/elpueblo.com.do\/?p=1347"},"modified":"2020-10-12T18:19:48","modified_gmt":"2020-10-12T22:19:48","slug":"ivan-silva-califica-de-caras-duras-a-los-titulares-de-la-jce-que-quieren-ser-rectificados","status":"publish","type":"post","link":"https:\/\/elpueblo.com.do\/uncategorized\/ivan-silva-califica-de-caras-duras-a-los-titulares-de-la-jce-que-quieren-ser-rectificados\/1347\/","title":{"rendered":"Iv\u00e1n Silva califica de \u201ccaras duras\u201d a los titulares de la JCE que quieren ser ratificados"},"content":{"rendered":"\n<p>Santo Domingo- El senador por la provincia de La Romana, Iv\u00e1n Silva catalog\u00f3 el d\u00eda de hoy de \u201cCaras duras\u201d a los actuales miembros titulares de la Junta Central Electoral.<\/p>\n\n\n\n<p>Silva calific\u00f3 a los mismos de irresponsables por tener la \u201cosad\u00eda\u201d de presentarse ante la Comisi\u00f3n evaluadora para ser rectificados en sus cargos.<\/p>\n\n\n\n<p>El legislador quien es miembro de la comisi\u00f3n especial junto a otros ocho senadores manifest\u00f3 que a estos \u201ccaras duras\u201d no les ha ido bien en dicha comisi\u00f3n y para \u00e9l est\u00e1n descalificados desde el inicio.<\/p>\n\n\n\n<p>El Senador se refiere a ellos de dicha manera porque entiende que son los responsables de las fallidas elecciones de febrero pasado.<\/p>\n\n\n\n<p>\u201cPersonalmente no los voy a considerar, eso lo pueden asegurar como lo hacen la mayor\u00eda de los dominicanos, esas gentes son responsables de la desconfianza que tiene el pueblo sobre la Junta Central Electoral\u201d, expres\u00f3 Silva.<\/p>\n","protected":false},"excerpt":{"rendered":"<p>Santo Domingo- El senador por la provincia de La Romana, Iv\u00e1n Silva catalog\u00f3 el d\u00eda de hoy de \u201cCaras duras\u201d a los actuales miembros titulares de la Junta Central Electoral. Silva calific\u00f3 a los mismos de irresponsables por tener la \u201cosad\u00eda\u201d de presentarse ante la Comisi\u00f3n evaluadora para ser rectificados en sus cargos. El legislador [&hellip;]<\/p>\n","protected":false},"author":1,"featured_media":1348,"comment_status":"open","ping_status":"open","sticky":false,"template":"","format":"standard","meta":{"footnotes":""},"categories":[32,34,1],"tags":[148,275,285,284,299,281,83],"class_list":{"0":"post-1347","1":"post","2":"type-post","3":"status-publish","4":"format-standard","5":"has-post-thumbnail","7":"category-actualidad","8":"category-politica","9":"category-uncategorized","10":"tag-ivan-silva","11":"tag-jce","12":"tag-jce-2020","13":"tag-miembros-jce","14":"tag-republica-dominicana","15":"tag-senado","16":"tag-senador-ivan-silva"},"_links":{"self":[{"href":"https:\/\/elpueblo.com.do\/api-json\/wp\/v2\/posts\/1347","targetHints":{"allow":["GET"]}}],"collection":[{"href":"https:\/\/elpueblo.com.do\/api-json\/wp\/v2\/posts"}],"about":[{"href":"https:\/\/elpueblo.com.do\/api-json\/wp\/v2\/types\/post"}],"author":[{"embeddable":true,"href":"https:\/\/elpueblo.com.do\/api-json\/wp\/v2\/users\/1"}],"replies":[{"embeddable":true,"href":"https:\/\/elpueblo.com.do\/api-json\/wp\/v2\/comments?post=1347"}],"version-history":[{"count":0,"href":"https:\/\/elpueblo.com.do\/api-json\/wp\/v2\/posts\/1347\/revisions"}],"wp:featuredmedia":[{"embeddable":true,"href":"https:\/\/elpueblo.com.do\/api-json\/wp\/v2\/media\/1348"}],"wp:attachment":[{"href":"https:\/\/elpueblo.com.do\/api-json\/wp\/v2\/media?parent=1347"}],"wp:term":[{"taxonomy":"category","embeddable":true,"href":"https:\/\/elpueblo.com.do\/api-json\/wp\/v2\/categories?post=1347"},{"taxonomy":"post_tag","embeddable":true,"href":"https:\/\/elpueblo.com.do\/api-json\/wp\/v2\/tags?post=1347"}],"curies":[{"name":"wp","href":"https:\/\/api.w.org\/{rel}","templated":true}]}}