{"id":1342,"date":"2020-10-11T17:38:00","date_gmt":"2020-10-11T21:38:00","guid":{"rendered":"https:\/\/elpueblo.com.do\/?p=1342"},"modified":"2020-10-11T17:38:04","modified_gmt":"2020-10-11T21:38:04","slug":"muere-la-dirigente-politica-ivelisse-prats-de-perez","status":"publish","type":"post","link":"https:\/\/elpueblo.com.do\/actualidad\/muere-la-dirigente-politica-ivelisse-prats-de-perez\/1342\/","title":{"rendered":"Muere la dirigente pol\u00edtica Ivelisse Prats de P\u00e9rez"},"content":{"rendered":"\n<p><strong>Santo Domingo.-<\/strong>\u00a0Falleci\u00f3 este domingo por complicaciones de salud la dirigente pol\u00edtica Ivelisse Prats de P\u00e9rez a los 89 a\u00f1os.<\/p>\n\n\n\n<p>La informaci\u00f3n fue ofrecida en primicia por Noticentro. Prats Ram\u00edrez, viuda de P\u00e9rez ven\u00eda padeciendo problemas de salud hace un tiempo la cual fue en detrimento y llevo a su partida a destiempo.<\/p>\n\n\n\n<p>Fue una gran educadora y pol\u00edtica dominicana, la primera mujer en asumir la presidencia de un partido pol\u00edtico en toda\u00a0Am\u00e9rica Latina.<\/p>\n\n\n\n<p>Prats Ram\u00edrez inici\u00f3 su trayectoria profesional como maestra. En 1963 ingres\u00f3 como docente en la Universidad Aut\u00f3noma de Santo Domingo (UASD).<\/p>\n\n\n\n<p>Un a\u00f1o despu\u00e9s, obtuvo su licenciatura en Educaci\u00f3n en esa casa de altos estudios.<br>M\u00e1s tarde fue decana de la Facultad de Humanidades de 1970 a 1972.<\/p>\n\n\n\n<p>Tambi\u00e9n fue la fundadora de la asociacion dominicana de profesores (ADP) de la que fue su primera presidenta<\/p>\n","protected":false},"excerpt":{"rendered":"<p>Santo Domingo.-\u00a0Falleci\u00f3 este domingo por complicaciones de salud la dirigente pol\u00edtica Ivelisse Prats de P\u00e9rez a los 89 a\u00f1os. La informaci\u00f3n fue ofrecida en primicia por Noticentro. Prats Ram\u00edrez, viuda de P\u00e9rez ven\u00eda padeciendo problemas de salud hace un tiempo la cual fue en detrimento y llevo a su partida a destiempo. Fue una gran [&hellip;]<\/p>\n","protected":false},"author":1,"featured_media":1343,"comment_status":"open","ping_status":"open","sticky":false,"template":"","format":"standard","meta":{"footnotes":""},"categories":[32],"tags":[296,295,103,298,294],"class_list":{"0":"post-1342","1":"post","2":"type-post","3":"status-publish","4":"format-standard","5":"has-post-thumbnail","7":"category-actualidad","8":"tag-adp","9":"tag-muerte","10":"tag-prm","11":"tag-uasd","12":"tag-yvelisse-prats"},"_links":{"self":[{"href":"https:\/\/elpueblo.com.do\/api-json\/wp\/v2\/posts\/1342","targetHints":{"allow":["GET"]}}],"collection":[{"href":"https:\/\/elpueblo.com.do\/api-json\/wp\/v2\/posts"}],"about":[{"href":"https:\/\/elpueblo.com.do\/api-json\/wp\/v2\/types\/post"}],"author":[{"embeddable":true,"href":"https:\/\/elpueblo.com.do\/api-json\/wp\/v2\/users\/1"}],"replies":[{"embeddable":true,"href":"https:\/\/elpueblo.com.do\/api-json\/wp\/v2\/comments?post=1342"}],"version-history":[{"count":0,"href":"https:\/\/elpueblo.com.do\/api-json\/wp\/v2\/posts\/1342\/revisions"}],"wp:featuredmedia":[{"embeddable":true,"href":"https:\/\/elpueblo.com.do\/api-json\/wp\/v2\/media\/1343"}],"wp:attachment":[{"href":"https:\/\/elpueblo.com.do\/api-json\/wp\/v2\/media?parent=1342"}],"wp:term":[{"taxonomy":"category","embeddable":true,"href":"https:\/\/elpueblo.com.do\/api-json\/wp\/v2\/categories?post=1342"},{"taxonomy":"post_tag","embeddable":true,"href":"https:\/\/elpueblo.com.do\/api-json\/wp\/v2\/tags?post=1342"}],"curies":[{"name":"wp","href":"https:\/\/api.w.org\/{rel}","templated":true}]}}