{"id":1339,"date":"2020-10-06T22:16:03","date_gmt":"2020-10-07T02:16:03","guid":{"rendered":"https:\/\/elpueblo.com.do\/?p=1339"},"modified":"2020-10-06T22:16:06","modified_gmt":"2020-10-07T02:16:06","slug":"camacho-designa-a-jorge-rodriguez-director-deportes-dn","status":"publish","type":"post","link":"https:\/\/elpueblo.com.do\/actualidad\/camacho-designa-a-jorge-rodriguez-director-deportes-dn\/1339\/","title":{"rendered":"Camacho designa a Jorge Rodr\u00edguez, Director Deportes DN"},"content":{"rendered":"\n<p>Jorgito, como todos le llaman, estableci\u00f3 con claridad, que esa Direcci\u00f3n de Deportes, asumir\u00e1 disciplinadamente las directrices del ministro de Deportes, Francisco Camacho, quien ha enfocado sus iniciativas en luchar contra la pandemia del coronavirus, usando como principales aliados a los clubes deportivos y culturales\u00a0y las organizaciones comunitarias.<\/p>\n\n\n\n<p>El <\/p>\n\n\n\n<p>\u00a0ministro de Deportes, Franciscco Camacho Rivas, design\u00f3 a Jorge Roberto Rodr\u00edguez, como nuevo titular de la Direcci\u00f3n de Deportes del Distrito Nacional.Rodr\u00edguez, quien ha estado ligado a varias disciplinas deportivas como el b\u00e9isbol, Baloncesto, voleibol y softbol\u00a0a trav\u00e9s del Club Los Prados y el Ayuntamiento del Distrito Nacional, donde sirvi\u00f3 como Coordinador Administrativo de eventos deportivos, agradeci\u00f3 al ministro Camacho la confianza depositada y se\u00a0 comprometi\u00f3 a usar toda su experiencia para lograr componer un equipo trabajador y consciente de que el deporte es una herramienta que une la familia y las comunidades en un ambiente sano y de fraternidad.Jorgito, como todos le llaman, estableci\u00f3 con claridad, que esa Direcci\u00f3n de Deportes, asumir\u00e1 disciplinadamente las directrices del ministro de Deportes, Francisco Camacho, quien ha enfocado sus iniciativas en luchar contra la pandemia del coronavirus, usando como principales aliados a los clubes deportivos y culturales\u00a0y las organizaciones comunitarias. Al asumir la posici\u00f3n, Jorge Rodr\u00edguez hizo el formal compromiso de integrar a los clubes deportivos y dar oportunidad a los j\u00f3venes para que puedan desarrollar un liderazgo en sus comunidades.Jorge Roberto Rodr\u00edguez fue el coordinador de la campa\u00f1a de deportes en el Distrito Nacional por el PRM.<\/p>\n\n\n\n<p><\/p>\n","protected":false},"excerpt":{"rendered":"<p>Jorgito, como todos le llaman, estableci\u00f3 con claridad, que esa Direcci\u00f3n de Deportes, asumir\u00e1 disciplinadamente las directrices del ministro de Deportes, Francisco Camacho, quien ha enfocado sus iniciativas en luchar contra la pandemia del coronavirus, usando como principales aliados a los clubes deportivos y culturales\u00a0y las organizaciones comunitarias. El \u00a0ministro de Deportes, Franciscco Camacho Rivas, [&hellip;]<\/p>\n","protected":false},"author":2,"featured_media":1340,"comment_status":"open","ping_status":"open","sticky":false,"template":"","format":"standard","meta":{"footnotes":""},"categories":[32,35,34],"tags":[292,293,269],"class_list":{"0":"post-1339","1":"post","2":"type-post","3":"status-publish","4":"format-standard","5":"has-post-thumbnail","7":"category-actualidad","8":"category-deportes","9":"category-politica","10":"tag-distrito-nacional","11":"tag-jorge-rodriguez","12":"tag-ministerio-de-deportes"},"_links":{"self":[{"href":"https:\/\/elpueblo.com.do\/api-json\/wp\/v2\/posts\/1339","targetHints":{"allow":["GET"]}}],"collection":[{"href":"https:\/\/elpueblo.com.do\/api-json\/wp\/v2\/posts"}],"about":[{"href":"https:\/\/elpueblo.com.do\/api-json\/wp\/v2\/types\/post"}],"author":[{"embeddable":true,"href":"https:\/\/elpueblo.com.do\/api-json\/wp\/v2\/users\/2"}],"replies":[{"embeddable":true,"href":"https:\/\/elpueblo.com.do\/api-json\/wp\/v2\/comments?post=1339"}],"version-history":[{"count":0,"href":"https:\/\/elpueblo.com.do\/api-json\/wp\/v2\/posts\/1339\/revisions"}],"wp:featuredmedia":[{"embeddable":true,"href":"https:\/\/elpueblo.com.do\/api-json\/wp\/v2\/media\/1340"}],"wp:attachment":[{"href":"https:\/\/elpueblo.com.do\/api-json\/wp\/v2\/media?parent=1339"}],"wp:term":[{"taxonomy":"category","embeddable":true,"href":"https:\/\/elpueblo.com.do\/api-json\/wp\/v2\/categories?post=1339"},{"taxonomy":"post_tag","embeddable":true,"href":"https:\/\/elpueblo.com.do\/api-json\/wp\/v2\/tags?post=1339"}],"curies":[{"name":"wp","href":"https:\/\/api.w.org\/{rel}","templated":true}]}}