{"id":1335,"date":"2020-10-06T08:37:01","date_gmt":"2020-10-06T12:37:01","guid":{"rendered":"https:\/\/elpueblo.com.do\/?p=1335"},"modified":"2020-10-06T08:37:04","modified_gmt":"2020-10-06T12:37:04","slug":"ocoa-tiene-gobernadora-con-ribetes-de-gran-apertura","status":"publish","type":"post","link":"https:\/\/elpueblo.com.do\/opinion\/ocoa-tiene-gobernadora-con-ribetes-de-gran-apertura\/1335\/","title":{"rendered":"Ocoa tiene Gobernadora con ribetes de gran apertura."},"content":{"rendered":"\n<p><\/p>\n\n\n\n<p>Las provincias en un pa\u00eds del sub desarrollo, han atravesado por diversas etapas que han marcado su avance, sea positiva \u00f3 negativamente.<\/p>\n\n\n\n<p>Las provincias de nuestro pa\u00eds, tienen en las gobernaciones locales, el soporte inmediato en representaci\u00f3n del ejecutivo.<\/p>\n\n\n\n<p>Est\u00e1s pocisiones que revisten una gran importancia estrat\u00e9gica para cada demarcaci\u00f3n, han sido matizadas por incumbentes, cuyas pr\u00e1cticas gerenciales, evidencian enormes carencias en el enfoque y aplicaci\u00f3n de pr\u00e1cticas democr\u00e1ticas.<\/p>\n\n\n\n<p>San Jos\u00e9 de Ocoa, la m\u00e1s joven de las 31 provincias que junto al distrito nacional, componen la Rep\u00fablica Dominicana, no ha escapado a la realidad del comportamiento pol\u00edtico y gerencial de las gobernaciones que ha tenido desde su fundaci\u00f3n.<\/p>\n\n\n\n<p>Con la llegada al poder del PRM y Lu\u00eds Abinader, se marca un presendente positivo al designar una mujer fajadora, cercana, luchadora y con gran capacidad de articulaci\u00f3n entre sus conciudadanos.<\/p>\n\n\n\n<p>De trato decente, simp\u00e1tico y afable, la Lic. Oliva Castillo de Peralta en pocos d\u00edas, demuestra su capacidad de inclusi\u00f3n y habilidad para concertar, primero en las fuerzas internas de su partido, sumado a su manejo inteligente ante sus oponentes naturales.<\/p>\n\n\n\n<p>Est\u00e1 dama cada d\u00eda se apodera del escenario con una dedicaci\u00f3n expresa que le permite demostrar que su presidente no se equivoc\u00f3 al designarle en sus funciones.<\/p>\n\n\n\n<p>Los Ocoe\u00f1os valoran y sienten gran est\u00edmulo al saber que tienen en la provincia, una mujer de armas tomar que promete ser una gran revelaci\u00f3n a su pueblo, para dar un ejemplo positivo que trascienda la pr\u00e1ctica cotidiana de la pol\u00edtica.<\/p>\n","protected":false},"excerpt":{"rendered":"<p>Las provincias en un pa\u00eds del sub desarrollo, han atravesado por diversas etapas que han marcado su avance, sea positiva \u00f3 negativamente. Las provincias de nuestro pa\u00eds, tienen en las gobernaciones locales, el soporte inmediato en representaci\u00f3n del ejecutivo. Est\u00e1s pocisiones que revisten una gran importancia estrat\u00e9gica para cada demarcaci\u00f3n, han sido matizadas por incumbentes, [&hellip;]<\/p>\n","protected":false},"author":2,"featured_media":1336,"comment_status":"open","ping_status":"open","sticky":false,"template":"","format":"standard","meta":{"footnotes":""},"categories":[33,34],"tags":[290,291,274],"class_list":{"0":"post-1335","1":"post","2":"type-post","3":"status-publish","4":"format-standard","5":"has-post-thumbnail","7":"category-opinion","8":"category-politica","9":"tag-gobernadora","10":"tag-oliva-castilo","11":"tag-san-jose-de-ocoa"},"_links":{"self":[{"href":"https:\/\/elpueblo.com.do\/api-json\/wp\/v2\/posts\/1335","targetHints":{"allow":["GET"]}}],"collection":[{"href":"https:\/\/elpueblo.com.do\/api-json\/wp\/v2\/posts"}],"about":[{"href":"https:\/\/elpueblo.com.do\/api-json\/wp\/v2\/types\/post"}],"author":[{"embeddable":true,"href":"https:\/\/elpueblo.com.do\/api-json\/wp\/v2\/users\/2"}],"replies":[{"embeddable":true,"href":"https:\/\/elpueblo.com.do\/api-json\/wp\/v2\/comments?post=1335"}],"version-history":[{"count":0,"href":"https:\/\/elpueblo.com.do\/api-json\/wp\/v2\/posts\/1335\/revisions"}],"wp:featuredmedia":[{"embeddable":true,"href":"https:\/\/elpueblo.com.do\/api-json\/wp\/v2\/media\/1336"}],"wp:attachment":[{"href":"https:\/\/elpueblo.com.do\/api-json\/wp\/v2\/media?parent=1335"}],"wp:term":[{"taxonomy":"category","embeddable":true,"href":"https:\/\/elpueblo.com.do\/api-json\/wp\/v2\/categories?post=1335"},{"taxonomy":"post_tag","embeddable":true,"href":"https:\/\/elpueblo.com.do\/api-json\/wp\/v2\/tags?post=1335"}],"curies":[{"name":"wp","href":"https:\/\/api.w.org\/{rel}","templated":true}]}}