{"id":1326,"date":"2020-10-03T16:14:05","date_gmt":"2020-10-03T20:14:05","guid":{"rendered":"https:\/\/elpueblo.com.do\/?p=1326"},"modified":"2020-10-03T16:14:08","modified_gmt":"2020-10-03T20:14:08","slug":"organizaciones-proponen-a-reynaldo-rojas-como-miembro-jce","status":"publish","type":"post","link":"https:\/\/elpueblo.com.do\/actualidad\/organizaciones-proponen-a-reynaldo-rojas-como-miembro-jce\/1326\/","title":{"rendered":"Organizaciones proponen a Reynaldo Rojas como miembro JCE"},"content":{"rendered":"\n<p>Organizaciones de la sociedad civil, se sumaron a la propuesta de llevar al reconocido jurista y catedr\u00e1tico universitario Reynaldo Rojas como miembro de la Junta Central Electoral, JCE, quien adem\u00e1s cuenta con m\u00e1s de 27 a\u00f1os de experiencia en la Junta Electoral del Distrito Nacional.<\/p>\n\n\n\n<p>Se trata de la Fundaci\u00f3n Cuay\u00e1, la Fundaci\u00f3n Juventud F\u00e9nix y, el Observatorio Nacional de las Redes Sociales, cuyos presidentes, el abogado y comunicador Javier Benz\u00e1n y el periodista \u00a0Miguel \u00c1ngel Guti\u00e9rrez coincidieron en resaltar las cualidades profesionales, humanas, morales, de integridad \u00a0y honestidad que adornan a Reynaldo Rojas, de quien adem\u00e1s dijeron constituye una garant\u00eda de eficiencia, transparencia y equidad en el trabajo que debe desarrollar la Junta Central Electoral para el fortalecimiento institucional y democr\u00e1tica de la Rep\u00fablica Dominicana.<\/p>\n\n\n\n<p>Agregaron que el reconocido jurista en sus m\u00e1s de 27 a\u00f1os de experiencia en la Junta Electoral del Distrito Nacional, ha ocupado las funciones de Secretario, siendo varias veces el titular de dicha junta, habiendo sido encargado del centro de c\u00f3mputos, adem\u00e1s de coordinador de las organizaciones de la sociedad civil, coordinador de los cursillos electorales, y coordinador de las elecciones de aspirantes a miembro de colegios electorales.<\/p>\n\n\n\n<p>Destacaron que el doctor Reynaldo Rojas est\u00e1 siendo recomendado por otras importantes entidades comunitarias, religiosas, gremiales y profesionales ante la comisi\u00f3n especial del Senado de la Rep\u00fablica.<\/p>\n\n\n\n<p>Reynaldo Rojas, quien cuenta con una extensa hoja de vida acad\u00e9mica y laboral es Licenciado en Derecho, egresado de la Universidad Tecnol\u00f3gica de Santiago, con Maestr\u00eda en E.D. Menci\u00f3n Administraci\u00f3n, Universidad Tecnol\u00f3gica de Santiago, con varios postgrados, maestr\u00edas y &nbsp;otras especialidades de diferentes academias de altos estudios, &nbsp;nacionales e internacionales.<\/p>\n\n\n\n<p>Dentro de su experiencia acad\u00e9mica, ha sido profesor de las materias; Derecho Electoral, Legislaci\u00f3n Electoral, Medicina Forense, Criminolog\u00eda, Derecho Comparado, Magistratura, Legislaci\u00f3n Tur\u00edstica e Historia del Derecho, tambi\u00e9n Profesor del Instituto Policial de Educaci\u00f3n Superior (IPES) Impartiendo las docencias de criminal\u00edstica y criminolog\u00eda a cadetes y oficiales superiores.<\/p>\n\n\n\n<p>En cuanto a su experiencia jur\u00eddica ha sido miembro del Organismo Rector para la Aplicaci\u00f3n del C\u00f3digo de Ni\u00f1os, Ni\u00f1as y Adolescentes; (Ley 14-94); en representaci\u00f3n de la sociedad civil (ONG) Scouts Dominicanos, desde 1995 hasta 1998, miembro de la Comisi\u00f3n Coordinadora para la Instalaci\u00f3n de los Primeros Tribunales de Ni\u00f1os, Ni\u00f1as y Adolescentes 1997 y, Juez del Tribunal disciplinario del Colegio de Abogados de la Rep\u00fablica Dominicana.<\/p>\n\n\n\n<p>Dentro de su experiencia Administrativa, adem\u00e1s ha sido Subadministrador del Puerto de Haina; Autoridad Portuaria Dominicana; 1989-1990, Jefe de Divisi\u00f3n Control Tr\u00e1fico; Autoridad Portuaria Dominicana, Puerto de Santo Domingo, Haina y Boca Chica; 1983-1990. Administrador Cadena de Detallistas, No. 1; Almac\u00e9n de Acopio y Distribuci\u00f3n de los detallistas del Distrito Nacional, Director Ejecutivo de la Asociaci\u00f3n de Scouts Dominicanos; 1995, Instituci\u00f3n reconocida de utilidad p\u00fablica e inter\u00e9s social por ley No.246 de 1966.<\/p>\n\n\n\n<p>Cuenta tambi\u00e9n con una extensa experiencia Internacional, y en el gremialismo, colaboraciones con organismos nacionales e internacionales, academias y organizaciones religiosas y una inmensidad de cursos y diplomados.<\/p>\n\n\n\n<p><\/p>\n","protected":false},"excerpt":{"rendered":"<p>Organizaciones de la sociedad civil, se sumaron a la propuesta de llevar al reconocido jurista y catedr\u00e1tico universitario Reynaldo Rojas como miembro de la Junta Central Electoral, JCE, quien adem\u00e1s cuenta con m\u00e1s de 27 a\u00f1os de experiencia en la Junta Electoral del Distrito Nacional. Se trata de la Fundaci\u00f3n Cuay\u00e1, la Fundaci\u00f3n Juventud F\u00e9nix [&hellip;]<\/p>\n","protected":false},"author":2,"featured_media":1327,"comment_status":"open","ping_status":"open","sticky":false,"template":"","format":"standard","meta":{"footnotes":""},"categories":[32,34],"tags":[275,285,284,286],"class_list":{"0":"post-1326","1":"post","2":"type-post","3":"status-publish","4":"format-standard","5":"has-post-thumbnail","7":"category-actualidad","8":"category-politica","9":"tag-jce","10":"tag-jce-2020","11":"tag-miembros-jce","12":"tag-reynaldo-rojas"},"_links":{"self":[{"href":"https:\/\/elpueblo.com.do\/api-json\/wp\/v2\/posts\/1326","targetHints":{"allow":["GET"]}}],"collection":[{"href":"https:\/\/elpueblo.com.do\/api-json\/wp\/v2\/posts"}],"about":[{"href":"https:\/\/elpueblo.com.do\/api-json\/wp\/v2\/types\/post"}],"author":[{"embeddable":true,"href":"https:\/\/elpueblo.com.do\/api-json\/wp\/v2\/users\/2"}],"replies":[{"embeddable":true,"href":"https:\/\/elpueblo.com.do\/api-json\/wp\/v2\/comments?post=1326"}],"version-history":[{"count":0,"href":"https:\/\/elpueblo.com.do\/api-json\/wp\/v2\/posts\/1326\/revisions"}],"wp:featuredmedia":[{"embeddable":true,"href":"https:\/\/elpueblo.com.do\/api-json\/wp\/v2\/media\/1327"}],"wp:attachment":[{"href":"https:\/\/elpueblo.com.do\/api-json\/wp\/v2\/media?parent=1326"}],"wp:term":[{"taxonomy":"category","embeddable":true,"href":"https:\/\/elpueblo.com.do\/api-json\/wp\/v2\/categories?post=1326"},{"taxonomy":"post_tag","embeddable":true,"href":"https:\/\/elpueblo.com.do\/api-json\/wp\/v2\/tags?post=1326"}],"curies":[{"name":"wp","href":"https:\/\/api.w.org\/{rel}","templated":true}]}}