{"id":1323,"date":"2020-10-03T13:12:04","date_gmt":"2020-10-03T17:12:04","guid":{"rendered":"https:\/\/elpueblo.com.do\/?p=1323"},"modified":"2020-10-03T13:12:08","modified_gmt":"2020-10-03T17:12:08","slug":"una-direccion-de-puerta-abierta-para-la-renovacion-y-reactivacion-del-deporte","status":"publish","type":"post","link":"https:\/\/elpueblo.com.do\/actualidad\/una-direccion-de-puerta-abierta-para-la-renovacion-y-reactivacion-del-deporte\/1323\/","title":{"rendered":"Una direcci\u00f3n de puerta abierta para la renovaci\u00f3n y reactivaci\u00f3n del deporte"},"content":{"rendered":"\n<p><strong>Por Juan Severino<\/strong><\/p>\n\n\n\n<p>El director provincial en materia de deportes de la provincia de santo domingo, <strong>Yanel Mateo Gonz\u00e1lez,<\/strong> desde el momento que fue designado en \u00e9sa posici\u00f3n se ha estado manejando con la puerta de su oficina abierta, enviando as\u00ed un mensaje de renovaci\u00f3n y acercamiento sin distinci\u00f3n de simpat\u00eda Partidaria.<\/p>\n\n\n\n<p><strong>Mateo<\/strong>, en la medida que va recibiendo visitas de comisi\u00f3n y  municipales en materia de deportiva, le ha estado explicando la visi\u00f3n del ministro de deportes, el distingo Francisco Camacho, de trabajar en favor del deporte, y reactivar todas las disciplinas, en todo el pa\u00eds, y en \u00e9se sentido est\u00e1 enfocado en la provincia, porque est\u00e1 conciente que el sector donde se apoya y se insentiva el deporte no hay espacio para la delincuencia.<\/p>\n\n\n\n<p>En \u00e9se sentido se\u00f1al\u00f3, que est\u00e1 trabajando a medidas que va recibiendo en su oficina diversas inquietudes en la materia, se mantiene llevando el mensaje y la visi\u00f3n de cambio y renovaci\u00f3n del deporte, para lograr \u00e9so est\u00e1 trabajando en una propuesta que est\u00e1 enfocada en crear una oficina municipal en cada municipio, \u00abporque es tiempo de desentralizar y acercar el deporte a la comunidad\u00bb. As\u00ed mismo, est\u00e1 enfocado en trabajar de cerca con las diferentes alcald\u00edas de la provincia, para desarrollar acuerdos mutuo en favor de las actividades recreativas y deportivas.<\/p>\n\n\n\n<p>En \u00e9se sentido, expres\u00f3 que ya est\u00e1 trabajando en un levantamiento de todas las instalaciones deportivas de la provincia, para el mantenimiento de las mismas y hacer los estudios de lugar para canalizar a trav\u00e9s del ministerio las inquietudes que se presenten, para llevar acabo la reactivaci\u00f3n de las 15 disciplinas deportivas, \u00bb vamos a trabajar en desarrollar promotores regionales, de todas las disciplinas, porque en el deporte est\u00e1 la energ\u00eda que necesitamos todos, y estamos aqu\u00ed para servir, comprometido con el desarrollo del pa\u00eds\u00bb.<\/p>\n\n\n\n<p>En \u00e9se sentido enfatiz\u00f3 que, as\u00ed como se ha de apoyar a los atletas, tambi\u00e9n vamos apoyar, a los entrenadores, \u00abvamos valorizar su esfuerzo, pasi\u00f3n, compromiso y dedicaci\u00f3n, y un ejemplo de eso es que todos los entrenadores, deben contar con la cobertura de un seguro m\u00e9dico\u00bb.<\/p>\n\n\n\n<p>El incumbete de la provincia en materia de deportes, precis\u00f3 la visi\u00f3n que tiene el ministerio de deportes y recreaci\u00f3n, bajo la direcci\u00f3n de Camacho, dando a entender el compromiso de trabajar en favor de la naci\u00f3n.<\/p>\n","protected":false},"excerpt":{"rendered":"<p>Por Juan Severino El director provincial en materia de deportes de la provincia de santo domingo, Yanel Mateo Gonz\u00e1lez, desde el momento que fue designado en \u00e9sa posici\u00f3n se ha estado manejando con la puerta de su oficina abierta, enviando as\u00ed un mensaje de renovaci\u00f3n y acercamiento sin distinci\u00f3n de simpat\u00eda Partidaria. Mateo, en la [&hellip;]<\/p>\n","protected":false},"author":2,"featured_media":1324,"comment_status":"open","ping_status":"open","sticky":true,"template":"","format":"standard","meta":{"footnotes":""},"categories":[32,35,34,39],"tags":[283,282],"class_list":{"0":"post-1323","1":"post","2":"type-post","3":"status-publish","4":"format-standard","5":"has-post-thumbnail","7":"category-actualidad","8":"category-deportes","9":"category-politica","10":"category-sociales","11":"tag-direccion-provincial","12":"tag-mateo"},"_links":{"self":[{"href":"https:\/\/elpueblo.com.do\/api-json\/wp\/v2\/posts\/1323","targetHints":{"allow":["GET"]}}],"collection":[{"href":"https:\/\/elpueblo.com.do\/api-json\/wp\/v2\/posts"}],"about":[{"href":"https:\/\/elpueblo.com.do\/api-json\/wp\/v2\/types\/post"}],"author":[{"embeddable":true,"href":"https:\/\/elpueblo.com.do\/api-json\/wp\/v2\/users\/2"}],"replies":[{"embeddable":true,"href":"https:\/\/elpueblo.com.do\/api-json\/wp\/v2\/comments?post=1323"}],"version-history":[{"count":0,"href":"https:\/\/elpueblo.com.do\/api-json\/wp\/v2\/posts\/1323\/revisions"}],"wp:featuredmedia":[{"embeddable":true,"href":"https:\/\/elpueblo.com.do\/api-json\/wp\/v2\/media\/1324"}],"wp:attachment":[{"href":"https:\/\/elpueblo.com.do\/api-json\/wp\/v2\/media?parent=1323"}],"wp:term":[{"taxonomy":"category","embeddable":true,"href":"https:\/\/elpueblo.com.do\/api-json\/wp\/v2\/categories?post=1323"},{"taxonomy":"post_tag","embeddable":true,"href":"https:\/\/elpueblo.com.do\/api-json\/wp\/v2\/tags?post=1323"}],"curies":[{"name":"wp","href":"https:\/\/api.w.org\/{rel}","templated":true}]}}