{"id":1316,"date":"2020-10-02T10:32:37","date_gmt":"2020-10-02T14:32:37","guid":{"rendered":"https:\/\/elpueblo.com.do\/?p=1316"},"modified":"2020-10-02T10:32:41","modified_gmt":"2020-10-02T14:32:41","slug":"ivan-silva-exhorta-a-los-aspirantes-a-jce-a-prepararse-mas","status":"publish","type":"post","link":"https:\/\/elpueblo.com.do\/actualidad\/ivan-silva-exhorta-a-los-aspirantes-a-jce-a-prepararse-mas\/1316\/","title":{"rendered":"Iv\u00e1n Silva : Exhorta a los aspirantes a JCE a prepararse m\u00e1s"},"content":{"rendered":"\n<p>Santo Domingo- El senador por la provincia de La Romana, el doctor Iv\u00e1n Silva exhorta a todos los aspirantes a ocupar puestos como miembros y suplentes del \u00f3rgano electoral a que se preparen m\u00e1s y a responder las preguntas con certeza y responsabilidad.<\/p>\n\n\n\n<p>El legislador en una de las evaluaciones en el senado, al momento de realizar una pregunta a un participante se mostr\u00f3 indignado cuando el aspirante no le contest\u00f3 la pregunta y le dijo que le estaba leyendo un libro.<\/p>\n\n\n\n<p>\u201cPara ser miembro de la instituci\u00f3n que se encarga de realizar los comicios electorales se necesita de profesionales preparados y con car\u00e1cter para poder desempe\u00f1ar un trabajo loable\u201d. Expres\u00f3 Silva .<\/p>\n\n\n\n<p>Silva pertenece a la Comisi\u00f3n especial del Senado para elegir los miembros que dirigir\u00e1n los destinos de la Junta Central Electoral, junto a otros legisladores como Faride Raful, quien funge como presidenta interina en sustituci\u00f3n de Ricardo de Los Santos que est\u00e1 afectado por el Coronavirus, Bautista Rojas G\u00f3mez, Franklin Rodr\u00edguez, Ram\u00f3n Rogelio Genao, Melania Salvador, Antonio Taveras Guzm\u00e1n y Jos\u00e9 del Castillo Savi\u00f1\u00f3n.<\/p>\n\n\n\n<p>En los dos primeros d\u00edas han evaluado 50 participantes y al d\u00eda de hoy se estar\u00e1n evaluando 12 participantes que est\u00e1n presentandose al mismo cargo.<\/p>\n","protected":false},"excerpt":{"rendered":"<p>Santo Domingo- El senador por la provincia de La Romana, el doctor Iv\u00e1n Silva exhorta a todos los aspirantes a ocupar puestos como miembros y suplentes del \u00f3rgano electoral a que se preparen m\u00e1s y a responder las preguntas con certeza y responsabilidad. El legislador en una de las evaluaciones en el senado, al momento [&hellip;]<\/p>\n","protected":false},"author":1,"featured_media":1317,"comment_status":"open","ping_status":"open","sticky":false,"template":"","format":"standard","meta":{"footnotes":""},"categories":[32,34],"tags":[148,275,281],"class_list":{"0":"post-1316","1":"post","2":"type-post","3":"status-publish","4":"format-standard","5":"has-post-thumbnail","7":"category-actualidad","8":"category-politica","9":"tag-ivan-silva","10":"tag-jce","11":"tag-senado"},"_links":{"self":[{"href":"https:\/\/elpueblo.com.do\/api-json\/wp\/v2\/posts\/1316","targetHints":{"allow":["GET"]}}],"collection":[{"href":"https:\/\/elpueblo.com.do\/api-json\/wp\/v2\/posts"}],"about":[{"href":"https:\/\/elpueblo.com.do\/api-json\/wp\/v2\/types\/post"}],"author":[{"embeddable":true,"href":"https:\/\/elpueblo.com.do\/api-json\/wp\/v2\/users\/1"}],"replies":[{"embeddable":true,"href":"https:\/\/elpueblo.com.do\/api-json\/wp\/v2\/comments?post=1316"}],"version-history":[{"count":0,"href":"https:\/\/elpueblo.com.do\/api-json\/wp\/v2\/posts\/1316\/revisions"}],"wp:featuredmedia":[{"embeddable":true,"href":"https:\/\/elpueblo.com.do\/api-json\/wp\/v2\/media\/1317"}],"wp:attachment":[{"href":"https:\/\/elpueblo.com.do\/api-json\/wp\/v2\/media?parent=1316"}],"wp:term":[{"taxonomy":"category","embeddable":true,"href":"https:\/\/elpueblo.com.do\/api-json\/wp\/v2\/categories?post=1316"},{"taxonomy":"post_tag","embeddable":true,"href":"https:\/\/elpueblo.com.do\/api-json\/wp\/v2\/tags?post=1316"}],"curies":[{"name":"wp","href":"https:\/\/api.w.org\/{rel}","templated":true}]}}