{"id":1311,"date":"2020-09-26T16:24:21","date_gmt":"2020-09-26T20:24:21","guid":{"rendered":"https:\/\/elpueblo.com.do\/?p=1311"},"modified":"2020-09-26T16:24:24","modified_gmt":"2020-09-26T20:24:24","slug":"senador-ivan-silva-pide-consenso-y-respeto-a-la-investidura-del-senado-en-el-tema-de-la-jce","status":"publish","type":"post","link":"https:\/\/elpueblo.com.do\/actualidad\/senador-ivan-silva-pide-consenso-y-respeto-a-la-investidura-del-senado-en-el-tema-de-la-jce\/1311\/","title":{"rendered":"Senador Ivan Silva pide consenso y respeto a la investidura del senado en el tema de la JCE."},"content":{"rendered":"\n<p>El Dr Iv\u00e1n Silva Senador por la Romana, promueve un encuentro fraterno entre los actores sociales para afinar y escuchar sobre la elecci\u00f3n de los jueces de la JCE.<\/p>\n\n\n\n<p>Para el Senador del partido revolucionario moderno, es una indelicadeza tratar de imponer desde fuera del senado en una decisi\u00f3n que le compete a los senadores en el ejercicio de las funciones para las que fueron seleccionados.<\/p>\n\n\n\n<p>Debemos dejar la pr\u00e1ctica de crear fuera del \u00f3rgano correspondiente, el ambiente para predisponer los miembros de la c\u00e1mara alta, en decisiones acomodadas a intereses diversos.<\/p>\n\n\n\n<p>Entendemos que como senadores no debemos estar sometidos a conflictos, que trascienden las fronteras del congreso, en detrimento de las decisiones que deben adoptarse por el bien del pa\u00eds.<\/p>\n\n\n\n<p>Nuestro compromiso es con el pa\u00eds y en ese sentido llamamos a todos los sectores, abocarnos a la b\u00fasqueda de un consenso para que del mismo, surja lo que conviene a la institucionalidad pol\u00edtica de Rep\u00fablica Dominicana.<\/p>\n","protected":false},"excerpt":{"rendered":"<p>El Dr Iv\u00e1n Silva Senador por la Romana, promueve un encuentro fraterno entre los actores sociales para afinar y escuchar sobre la elecci\u00f3n de los jueces de la JCE. Para el Senador del partido revolucionario moderno, es una indelicadeza tratar de imponer desde fuera del senado en una decisi\u00f3n que le compete a los senadores [&hellip;]<\/p>\n","protected":false},"author":2,"featured_media":1241,"comment_status":"open","ping_status":"open","sticky":false,"template":"","format":"standard","meta":{"footnotes":""},"categories":[32,34],"tags":[256,148,275],"class_list":{"0":"post-1311","1":"post","2":"type-post","3":"status-publish","4":"format-standard","5":"has-post-thumbnail","7":"category-actualidad","8":"category-politica","9":"tag-gobierno-de-luis-abinader","10":"tag-ivan-silva","11":"tag-jce"},"_links":{"self":[{"href":"https:\/\/elpueblo.com.do\/api-json\/wp\/v2\/posts\/1311","targetHints":{"allow":["GET"]}}],"collection":[{"href":"https:\/\/elpueblo.com.do\/api-json\/wp\/v2\/posts"}],"about":[{"href":"https:\/\/elpueblo.com.do\/api-json\/wp\/v2\/types\/post"}],"author":[{"embeddable":true,"href":"https:\/\/elpueblo.com.do\/api-json\/wp\/v2\/users\/2"}],"replies":[{"embeddable":true,"href":"https:\/\/elpueblo.com.do\/api-json\/wp\/v2\/comments?post=1311"}],"version-history":[{"count":0,"href":"https:\/\/elpueblo.com.do\/api-json\/wp\/v2\/posts\/1311\/revisions"}],"wp:featuredmedia":[{"embeddable":true,"href":"https:\/\/elpueblo.com.do\/api-json\/wp\/v2\/media\/1241"}],"wp:attachment":[{"href":"https:\/\/elpueblo.com.do\/api-json\/wp\/v2\/media?parent=1311"}],"wp:term":[{"taxonomy":"category","embeddable":true,"href":"https:\/\/elpueblo.com.do\/api-json\/wp\/v2\/categories?post=1311"},{"taxonomy":"post_tag","embeddable":true,"href":"https:\/\/elpueblo.com.do\/api-json\/wp\/v2\/tags?post=1311"}],"curies":[{"name":"wp","href":"https:\/\/api.w.org\/{rel}","templated":true}]}}