{"id":1303,"date":"2020-09-21T13:28:15","date_gmt":"2020-09-21T17:28:15","guid":{"rendered":"https:\/\/elpueblo.com.do\/?p=1303"},"modified":"2020-09-21T13:58:42","modified_gmt":"2020-09-21T17:58:42","slug":"eddy-olivares-y-la-nueva-jce","status":"publish","type":"post","link":"https:\/\/elpueblo.com.do\/actualidad\/eddy-olivares-y-la-nueva-jce\/1303\/","title":{"rendered":"Eddy Olivares y la nueva JCE"},"content":{"rendered":"\n<p>En el trajinar pol\u00edtico de las \u00faltimas d\u00e9cadas, hemos escuchado y le\u00eddo mucho sobre la necesidad de mantener la democracia como arma principal en la sostenibilidad social de los pueblos.<\/p>\n\n\n\n<p>Son muchos los an\u00e1lisis de \u00abexpertos\u00bb, cuyas reflexiones se fundamentan en esperar un buen manejo de lo pol\u00edtico, al margen de aquellos que han dedicado su vida en esta dif\u00edcil tarea.<\/p>\n\n\n\n<p>Pretender ordenar la sociedad pol\u00edtica, marginando a los pol\u00edticos, es la m\u00e1s infantil e ingenua de las propuestas que se pueden apreciar en el ambiente cotidiano.<\/p>\n\n\n\n<p>Ahora resulta que los pol\u00edticos deben trabajar, esforzarse y luchar para lograr espacios que en definitiva, (a juzgar de los \u00abexpertos\u00bb de la neo sociedad) deben ocuparlos, aquellos que rechazan los pol\u00edticos pero aman aquello por lo que \u00e9stos luchan.<\/p>\n\n\n\n<p>Estamos en presencia de una manipulaci\u00f3n perversa, en funci\u00f3n de intereses, cuya fascinaci\u00f3n por el oportunismo, les motiva a torpedear, a fin de ellos manejar, realidades por las que ellos no han trabajado.<\/p>\n\n\n\n<p>El nuevo equipo que manejar\u00e1 la JCE, debe ser expresi\u00f3n de la sociedad pol\u00edtica, cargada de integridad, apegada a principios y valores, libre del oportunismo disfrazado de \u00abSociedad Civil\u00bb, con la firmeza de car\u00e1cter para manejar el flujo de intereses, propios de una tarea tan comprometedora.<\/p>\n\n\n\n<p>El pa\u00eds tiene, en el Dr. Eddy Olivares, la mejor y m\u00e1s importante opci\u00f3n, para navegar cu\u00e1l marinero, las turbulentas aguas pol\u00edticas de un \u00f3rgano electoral que requiere de capacidad, car\u00e1cter y determinaci\u00f3n para representar la naci\u00f3n.<\/p>\n","protected":false},"excerpt":{"rendered":"<p>En el trajinar pol\u00edtico de las \u00faltimas d\u00e9cadas, hemos escuchado y le\u00eddo mucho sobre la necesidad de mantener la democracia como arma principal en la sostenibilidad social de los pueblos. Son muchos los an\u00e1lisis de \u00abexpertos\u00bb, cuyas reflexiones se fundamentan en esperar un buen manejo de lo pol\u00edtico, al margen de aquellos que han dedicado [&hellip;]<\/p>\n","protected":false},"author":5,"featured_media":1306,"comment_status":"open","ping_status":"open","sticky":false,"template":"","format":"standard","meta":{"footnotes":""},"categories":[32,34,39],"tags":[276,275,277],"class_list":{"0":"post-1303","1":"post","2":"type-post","3":"status-publish","4":"format-standard","5":"has-post-thumbnail","7":"category-actualidad","8":"category-politica","9":"category-sociales","10":"tag-eddy-olivares","11":"tag-jce","12":"tag-presidente-de-la-jce"},"_links":{"self":[{"href":"https:\/\/elpueblo.com.do\/api-json\/wp\/v2\/posts\/1303","targetHints":{"allow":["GET"]}}],"collection":[{"href":"https:\/\/elpueblo.com.do\/api-json\/wp\/v2\/posts"}],"about":[{"href":"https:\/\/elpueblo.com.do\/api-json\/wp\/v2\/types\/post"}],"author":[{"embeddable":true,"href":"https:\/\/elpueblo.com.do\/api-json\/wp\/v2\/users\/5"}],"replies":[{"embeddable":true,"href":"https:\/\/elpueblo.com.do\/api-json\/wp\/v2\/comments?post=1303"}],"version-history":[{"count":0,"href":"https:\/\/elpueblo.com.do\/api-json\/wp\/v2\/posts\/1303\/revisions"}],"wp:featuredmedia":[{"embeddable":true,"href":"https:\/\/elpueblo.com.do\/api-json\/wp\/v2\/media\/1306"}],"wp:attachment":[{"href":"https:\/\/elpueblo.com.do\/api-json\/wp\/v2\/media?parent=1303"}],"wp:term":[{"taxonomy":"category","embeddable":true,"href":"https:\/\/elpueblo.com.do\/api-json\/wp\/v2\/categories?post=1303"},{"taxonomy":"post_tag","embeddable":true,"href":"https:\/\/elpueblo.com.do\/api-json\/wp\/v2\/tags?post=1303"}],"curies":[{"name":"wp","href":"https:\/\/api.w.org\/{rel}","templated":true}]}}