{"id":1294,"date":"2020-09-03T20:13:12","date_gmt":"2020-09-04T00:13:12","guid":{"rendered":"https:\/\/elpueblo.com.do\/?p=1294"},"modified":"2020-09-03T20:13:15","modified_gmt":"2020-09-04T00:13:15","slug":"senador-de-la-romana-pide-explicaciones-a-la-camara-de-cuentas","status":"publish","type":"post","link":"https:\/\/elpueblo.com.do\/actualidad\/senador-de-la-romana-pide-explicaciones-a-la-camara-de-cuentas\/1294\/","title":{"rendered":"Senador de La Romana pide explicaciones a la C\u00e1mara de Cuentas"},"content":{"rendered":"\n<p>En este jueves 3 de septiembre, el Dr. Iv\u00e1n Silva Senador de la provincia La Romana, formul\u00f3 un pedimento a la Comisi\u00f3n de \u00c9tica del senado, a fin de que la C\u00e1mara de Cuentas env\u00ede su explicaci\u00f3n, sobre los esfuerzos que hicieron con respecto al 53.5 por ciento de los funcionarios p\u00fablicos, de la gesti\u00f3n pasada que no presentaron su declaraci\u00f3n jurada de bienes.<\/p>\n\n\n\n<p>Para el Senador, resulta extra\u00f1o, que nosotros permitamos una distorsi\u00f3n como esa, en medio de una sociedad que reclama por un ejercicio de poder sujeto a las normas y reglamentos de la transparencia.<\/p>\n\n\n\n<p>Tambi\u00e9n el l\u00edder de La Romana, reclam\u00f3, que en base a un informe sobre la planta de Punta Catalina, registra que una investigaci\u00f3n de enero del 2013 hasta diciembre del 2017, a fin de que Comisi\u00f3n de \u00c9tica, se solicite a la C\u00e1mara de Cuentas una los detalles, sobre los ingresos y gastos de dicha planta que oscilan a m\u00e1s de dos mil millones de d\u00f3lares.<\/p>\n\n\n\n<p>En nuestra condici\u00f3n de funcionario p\u00fablico, llamado entre otras tareas, a fiscalizar la gesti\u00f3n estatal, asumimos el compromiso sagrado de procurar reglas claras, ante todo cuanto involucre el ejercicio de la funci\u00f3n p\u00fablica.<\/p>\n","protected":false},"excerpt":{"rendered":"<p>En este jueves 3 de septiembre, el Dr. Iv\u00e1n Silva Senador de la provincia La Romana, formul\u00f3 un pedimento a la Comisi\u00f3n de \u00c9tica del senado, a fin de que la C\u00e1mara de Cuentas env\u00ede su explicaci\u00f3n, sobre los esfuerzos que hicieron con respecto al 53.5 por ciento de los funcionarios p\u00fablicos, de la gesti\u00f3n [&hellip;]<\/p>\n","protected":false},"author":1,"featured_media":1241,"comment_status":"open","ping_status":"open","sticky":false,"template":"","format":"standard","meta":{"footnotes":""},"categories":[32,33,34],"tags":[256,148,266,267],"class_list":{"0":"post-1294","1":"post","2":"type-post","3":"status-publish","4":"format-standard","5":"has-post-thumbnail","7":"category-actualidad","8":"category-opinion","9":"category-politica","10":"tag-gobierno-de-luis-abinader","11":"tag-ivan-silva","12":"tag-la-romana","13":"tag-senador"},"_links":{"self":[{"href":"https:\/\/elpueblo.com.do\/api-json\/wp\/v2\/posts\/1294","targetHints":{"allow":["GET"]}}],"collection":[{"href":"https:\/\/elpueblo.com.do\/api-json\/wp\/v2\/posts"}],"about":[{"href":"https:\/\/elpueblo.com.do\/api-json\/wp\/v2\/types\/post"}],"author":[{"embeddable":true,"href":"https:\/\/elpueblo.com.do\/api-json\/wp\/v2\/users\/1"}],"replies":[{"embeddable":true,"href":"https:\/\/elpueblo.com.do\/api-json\/wp\/v2\/comments?post=1294"}],"version-history":[{"count":0,"href":"https:\/\/elpueblo.com.do\/api-json\/wp\/v2\/posts\/1294\/revisions"}],"wp:featuredmedia":[{"embeddable":true,"href":"https:\/\/elpueblo.com.do\/api-json\/wp\/v2\/media\/1241"}],"wp:attachment":[{"href":"https:\/\/elpueblo.com.do\/api-json\/wp\/v2\/media?parent=1294"}],"wp:term":[{"taxonomy":"category","embeddable":true,"href":"https:\/\/elpueblo.com.do\/api-json\/wp\/v2\/categories?post=1294"},{"taxonomy":"post_tag","embeddable":true,"href":"https:\/\/elpueblo.com.do\/api-json\/wp\/v2\/tags?post=1294"}],"curies":[{"name":"wp","href":"https:\/\/api.w.org\/{rel}","templated":true}]}}