{"id":1290,"date":"2020-08-23T13:33:08","date_gmt":"2020-08-23T17:33:08","guid":{"rendered":"https:\/\/elpueblo.com.do\/?p=1290"},"modified":"2020-08-23T13:33:12","modified_gmt":"2020-08-23T17:33:12","slug":"carolina-mejia-pide-a-los-afectados-por-la-tormenta-acudir-a-refugios","status":"publish","type":"post","link":"https:\/\/elpueblo.com.do\/uncategorized\/carolina-mejia-pide-a-los-afectados-por-la-tormenta-acudir-a-refugios\/1290\/","title":{"rendered":"Carolina Mej\u00eda pide a los afectados por la tormenta acudir a refugios"},"content":{"rendered":"\n<p>La alcaldesa Carolina Mejia ha demostrado una vez m\u00e1s que es una funcionaria de hechos no solo de palabras.<\/p>\n\n\n\n<p>En el d\u00eda de hoy en medio de los efectos de la tormenta tropical Laura la alcaldesa visit\u00f3 las zonas vulnerables del distrito nacional y con el agua por la cintura convencia a la gente de que salieran de sus casa a refugios seguros.<\/p>\n","protected":false},"excerpt":{"rendered":"<p>La alcaldesa Carolina Mejia ha demostrado una vez m\u00e1s que es una funcionaria de hechos no solo de palabras. En el d\u00eda de hoy en medio de los efectos de la tormenta tropical Laura la alcaldesa visit\u00f3 las zonas vulnerables del distrito nacional y con el agua por la cintura convencia a la gente de [&hellip;]<\/p>\n","protected":false},"author":2,"featured_media":1292,"comment_status":"open","ping_status":"open","sticky":false,"template":"","format":"standard","meta":{"footnotes":""},"categories":[32,34,39,1],"tags":[271,270,272],"class_list":{"0":"post-1290","1":"post","2":"type-post","3":"status-publish","4":"format-standard","5":"has-post-thumbnail","7":"category-actualidad","8":"category-politica","9":"category-sociales","10":"category-uncategorized","11":"tag-ayuntamiento-del-distrito-nacional","12":"tag-carolina-mejia-2","13":"tag-tormenta-laura"},"_links":{"self":[{"href":"https:\/\/elpueblo.com.do\/api-json\/wp\/v2\/posts\/1290","targetHints":{"allow":["GET"]}}],"collection":[{"href":"https:\/\/elpueblo.com.do\/api-json\/wp\/v2\/posts"}],"about":[{"href":"https:\/\/elpueblo.com.do\/api-json\/wp\/v2\/types\/post"}],"author":[{"embeddable":true,"href":"https:\/\/elpueblo.com.do\/api-json\/wp\/v2\/users\/2"}],"replies":[{"embeddable":true,"href":"https:\/\/elpueblo.com.do\/api-json\/wp\/v2\/comments?post=1290"}],"version-history":[{"count":0,"href":"https:\/\/elpueblo.com.do\/api-json\/wp\/v2\/posts\/1290\/revisions"}],"wp:featuredmedia":[{"embeddable":true,"href":"https:\/\/elpueblo.com.do\/api-json\/wp\/v2\/media\/1292"}],"wp:attachment":[{"href":"https:\/\/elpueblo.com.do\/api-json\/wp\/v2\/media?parent=1290"}],"wp:term":[{"taxonomy":"category","embeddable":true,"href":"https:\/\/elpueblo.com.do\/api-json\/wp\/v2\/categories?post=1290"},{"taxonomy":"post_tag","embeddable":true,"href":"https:\/\/elpueblo.com.do\/api-json\/wp\/v2\/tags?post=1290"}],"curies":[{"name":"wp","href":"https:\/\/api.w.org\/{rel}","templated":true}]}}