{"id":1287,"date":"2020-08-22T17:50:53","date_gmt":"2020-08-22T21:50:53","guid":{"rendered":"https:\/\/elpueblo.com.do\/?p=1287"},"modified":"2020-08-22T17:51:05","modified_gmt":"2020-08-22T21:51:05","slug":"francisco-camacho-un-deportista-ministro","status":"publish","type":"post","link":"https:\/\/elpueblo.com.do\/actualidad\/francisco-camacho-un-deportista-ministro\/1287\/","title":{"rendered":"Francisco Camacho: un deportista ministro"},"content":{"rendered":"\n<p>En las tareas propias de la administraci\u00f3n p\u00fablica, en el discurrir del tiempo tenemos que observar y concluir que la gran mayor\u00eda de las ocasiones, las instituciones son administradas por personas con trayectoria pol\u00edtica \u00f3 empresarial, pero, contadas las oportunidades de que las mismas pueden mostrar un incumbente que adem\u00e1s de gerente, pueda mostrar inter\u00e9s m\u00e1s all\u00e1 del compromiso pol\u00edtico con qui\u00e9n lo designa.<\/p>\n\n\n\n<p>Los dominicanos hemos visto en diferentes gobiernos, funcionarios cuya formaci\u00f3n, est\u00e1 muy distante de la Instituci\u00f3n que le asignan bajo su responsabilidad.<\/p>\n\n\n\n<p>Ante esta realidad planteada, debemos resaltar la presentaci\u00f3n oficial de un dominicano, de trayectoria social, empresarial y pol\u00edtica qu\u00e9 resulta superada por lo que ha demostrado en el \u00e1rea que ha puesto en sus manos, el presidente de la Rep\u00fablica Luis Abinader.<\/p>\n\n\n\n<p>Due\u00f1o de una personalidad afable, prudente, tolerante y conciliadora. De carrera meritoria, tanto dentro como fuera del pa\u00eds, dando paso a p\u00e1ginas de gloria en el deporte internacional en favor de la Rep\u00fablica Dominicana.<\/p>\n\n\n\n<p>Deportista, entrenador, dirigente y presidente federado, vinculado como el que m\u00e1s en las tareas propias de su pasi\u00f3n, el Ing Francisco Camacho, se inscribe dentro de los pocos ministros, que pueden evidenciar en la instituci\u00f3n que dignamente, el presidente le ha honrado en dirigir, que tienen la posibilidad de viabilizar ante la naci\u00f3n una gesti\u00f3n hist\u00f3rica para bien del pa\u00eds y en especial a todos aquellos amantes del deporte.<\/p>\n\n\n\n<p>Los deportistas dominicanos han cifrado esperanzas y as\u00ed lo expresan al enterarse de que ha llegado un doliente para ellos y auguran avances de trascendencia para todas las disciplinas del deporte.<\/p>\n","protected":false},"excerpt":{"rendered":"<p>En las tareas propias de la administraci\u00f3n p\u00fablica, en el discurrir del tiempo tenemos que observar y concluir que la gran mayor\u00eda de las ocasiones, las instituciones son administradas por personas con trayectoria pol\u00edtica \u00f3 empresarial, pero, contadas las oportunidades de que las mismas pueden mostrar un incumbente que adem\u00e1s de gerente, pueda mostrar inter\u00e9s [&hellip;]<\/p>\n","protected":false},"author":5,"featured_media":1288,"comment_status":"open","ping_status":"open","sticky":false,"template":"","format":"standard","meta":{"footnotes":""},"categories":[32],"tags":[268,256,269],"class_list":{"0":"post-1287","1":"post","2":"type-post","3":"status-publish","4":"format-standard","5":"has-post-thumbnail","7":"category-actualidad","8":"tag-francisco-camacho","9":"tag-gobierno-de-luis-abinader","10":"tag-ministerio-de-deportes"},"_links":{"self":[{"href":"https:\/\/elpueblo.com.do\/api-json\/wp\/v2\/posts\/1287","targetHints":{"allow":["GET"]}}],"collection":[{"href":"https:\/\/elpueblo.com.do\/api-json\/wp\/v2\/posts"}],"about":[{"href":"https:\/\/elpueblo.com.do\/api-json\/wp\/v2\/types\/post"}],"author":[{"embeddable":true,"href":"https:\/\/elpueblo.com.do\/api-json\/wp\/v2\/users\/5"}],"replies":[{"embeddable":true,"href":"https:\/\/elpueblo.com.do\/api-json\/wp\/v2\/comments?post=1287"}],"version-history":[{"count":0,"href":"https:\/\/elpueblo.com.do\/api-json\/wp\/v2\/posts\/1287\/revisions"}],"wp:featuredmedia":[{"embeddable":true,"href":"https:\/\/elpueblo.com.do\/api-json\/wp\/v2\/media\/1288"}],"wp:attachment":[{"href":"https:\/\/elpueblo.com.do\/api-json\/wp\/v2\/media?parent=1287"}],"wp:term":[{"taxonomy":"category","embeddable":true,"href":"https:\/\/elpueblo.com.do\/api-json\/wp\/v2\/categories?post=1287"},{"taxonomy":"post_tag","embeddable":true,"href":"https:\/\/elpueblo.com.do\/api-json\/wp\/v2\/tags?post=1287"}],"curies":[{"name":"wp","href":"https:\/\/api.w.org\/{rel}","templated":true}]}}