{"id":1246,"date":"2020-07-28T23:24:05","date_gmt":"2020-07-29T03:24:05","guid":{"rendered":"https:\/\/elpueblo.com.do\/?p=1246"},"modified":"2020-07-28T23:24:09","modified_gmt":"2020-07-29T03:24:09","slug":"ivan-silva-una-nueva-estrella-en-liderazgo-local-de-la-romana","status":"publish","type":"post","link":"https:\/\/elpueblo.com.do\/actualidad\/ivan-silva-una-nueva-estrella-en-liderazgo-local-de-la-romana\/1246\/","title":{"rendered":"Ivan Silva una nueva estrella en liderazgo local de La Romana"},"content":{"rendered":"\n<p>Con el pasar del tiempo y en la medida en que las batallas pol\u00edticas electorales bajan su alto nivel de confrontaci\u00f3n podemos evaluar con m\u00e1s tranquilidad, el desarrollo de algunas figuras que por la naturaleza y el contexto en el que logran trascender, demuestran su talento y capacidad de articular, m\u00e1s all\u00e1 de lo cotidiano.<\/p>\n\n\n\n<p>La provincia de La Romana ha sido testigo de un fen\u00f3meno pol\u00edtico local, qu\u00e9, indudablemente lleva con inusitada atenci\u00f3n a valorar el impacto de un proyecto que dej\u00f3 perplejo a los guruses de la estrategia pol\u00edtica local.<\/p>\n\n\n\n<p>Due\u00f1o de una personalidad sobria, con una visible humildad, que bordea los m\u00e1s elementales rigores de la sencillez. Un profesional joven y capaz, de origen pueblerino, dedicado y persistente. Un novato de la pol\u00edtica, subestimado por sus m\u00e1s ferreos competidores.<\/p>\n\n\n\n<p>Ingres\u00f3 a la carrera pol\u00edtica en la contienda del a\u00f1o 2016, donde aspir\u00f3 a senador por un partido minoritario, dejando marcado en sus inicios el indudable gesto de un pol\u00edtico que promet\u00eda ser un eventual competidor en batallas m\u00e1s trascendentes.<\/p>\n\n\n\n<p>Se acerca al Partido Revolucionario Moderno de la mano del ex presidente Hip\u00f3lito Mej\u00eda, donde aspira como Vice presidente del municipio cabecera y sale airoso de esa contienda. Luego decide aspirar a representar la boleta senatorial del PRM en la provincia. A pesar de rebasar diversos obst\u00e1culos, algunos de ellos, que procuraban una \u00abalianza\u00bb que al final se demostr\u00f3 no ser necesaria y que adem\u00e1s perjudicar\u00eda el desarrollo de un liderazgo local perremeista.<\/p>\n\n\n\n<p>Con el Dr. Iv\u00e1n Silva, reci\u00e9n electo senador, se derrumban algunos mitos provincianos y de paso, se desmitifica el relato de algunas figuras que se consideraban invencibles.<\/p>\n\n\n\n<p>La experiencia local del d\u00eda 5 de julio es para el PRM en La Romana un gran est\u00edmulo para una nueva generaci\u00f3n que se siente castrada por un liderazgo, desfasado y que no representa los reales anhelos de una sociedad que evoluciona a un paso agigantado.<\/p>\n\n\n\n<p>El nuevo senador romanense, pudo vencer contra todos los pron\u00f3sticos fatalistas de quienes nunca confiaron por diversas razones en la viabilidad de un proyecto novedoso, liderado por un hijo de don Otto Silva, de las calles polvorientas de La Romana de aquellos a\u00f1os que han quedado solo para el recuerdo.<\/p>\n\n\n\n<p>Iv\u00e1n Silva se sobrepuso a todo tipo de adversidad. Inclusive, tramas y manipulaciones de quienes, prefer\u00edan en vecino, para no ver avanzar el de su casa.<\/p>\n\n\n\n<p>El pueblo romanense demostr\u00f3 estar por encima de la mediocridad, la inquina, planes perversos de quienes se dejan corroer por la envidia y ha dado c\u00e1tedras de una actitud democr\u00e1tica, m\u00e1s all\u00e1 de la mezquindad, propia de quienes, cuya poca visi\u00f3n les nubla el sentido de lo prudente y de paso, se dej\u00f3 sentir un grito de cambio que ha dado un nuevo liderazgo que promete mucho para la Flor Del Este.<\/p>\n","protected":false},"excerpt":{"rendered":"<p>Con el pasar del tiempo y en la medida en que las batallas pol\u00edticas electorales bajan su alto nivel de confrontaci\u00f3n podemos evaluar con m\u00e1s tranquilidad, el desarrollo de algunas figuras que por la naturaleza y el contexto en el que logran trascender, demuestran su talento y capacidad de articular, m\u00e1s all\u00e1 de lo cotidiano. [&hellip;]<\/p>\n","protected":false},"author":5,"featured_media":1241,"comment_status":"open","ping_status":"open","sticky":false,"template":"","format":"standard","meta":{"footnotes":""},"categories":[32,33,34],"tags":[148,266,267],"class_list":{"0":"post-1246","1":"post","2":"type-post","3":"status-publish","4":"format-standard","5":"has-post-thumbnail","7":"category-actualidad","8":"category-opinion","9":"category-politica","10":"tag-ivan-silva","11":"tag-la-romana","12":"tag-senador"},"_links":{"self":[{"href":"https:\/\/elpueblo.com.do\/api-json\/wp\/v2\/posts\/1246","targetHints":{"allow":["GET"]}}],"collection":[{"href":"https:\/\/elpueblo.com.do\/api-json\/wp\/v2\/posts"}],"about":[{"href":"https:\/\/elpueblo.com.do\/api-json\/wp\/v2\/types\/post"}],"author":[{"embeddable":true,"href":"https:\/\/elpueblo.com.do\/api-json\/wp\/v2\/users\/5"}],"replies":[{"embeddable":true,"href":"https:\/\/elpueblo.com.do\/api-json\/wp\/v2\/comments?post=1246"}],"version-history":[{"count":0,"href":"https:\/\/elpueblo.com.do\/api-json\/wp\/v2\/posts\/1246\/revisions"}],"wp:featuredmedia":[{"embeddable":true,"href":"https:\/\/elpueblo.com.do\/api-json\/wp\/v2\/media\/1241"}],"wp:attachment":[{"href":"https:\/\/elpueblo.com.do\/api-json\/wp\/v2\/media?parent=1246"}],"wp:term":[{"taxonomy":"category","embeddable":true,"href":"https:\/\/elpueblo.com.do\/api-json\/wp\/v2\/categories?post=1246"},{"taxonomy":"post_tag","embeddable":true,"href":"https:\/\/elpueblo.com.do\/api-json\/wp\/v2\/tags?post=1246"}],"curies":[{"name":"wp","href":"https:\/\/api.w.org\/{rel}","templated":true}]}}