{"id":1240,"date":"2020-07-27T17:18:27","date_gmt":"2020-07-27T21:18:27","guid":{"rendered":"https:\/\/elpueblo.com.do\/?p=1240"},"modified":"2020-07-27T17:28:38","modified_gmt":"2020-07-27T21:28:38","slug":"senador-electo-por-la-romana-doctor-ivan-silva-ofrece-desayuno-con-las-autoridades-electas-de-la-provincia","status":"publish","type":"post","link":"https:\/\/elpueblo.com.do\/actualidad\/senador-electo-por-la-romana-doctor-ivan-silva-ofrece-desayuno-con-las-autoridades-electas-de-la-provincia\/1240\/","title":{"rendered":"Senador electo por La Romana, DR. Ivan Silva ofrece Desayuno, con autoridades electas de la provincia."},"content":{"rendered":"\n<p>La Romana, Republica Dominicana. El senador electo por \u00e9sta provincia de La Romana, doctor Ivan Silva, ofreci\u00f3 este pasado domingo 26 de julio, un desayuno a las nuevas y reci\u00e9n electas autoridades. El evento encabezado por el l\u00edder provincial es una forma de llamar a la unidad y el trabajo en conjunto de todos los involucrados en ofrecer un servicio digno a la poblaci\u00f3n romanense. En la misma, los asistentes se muestran dispuestos a trabajar las propuestas y proyectos en beneficio de la provincia, sin distinci\u00f3n partidaria, colores y recelos pol\u00edticos. solo trabajar para un fin, que es el crecimiento econ\u00f3mico, tur\u00edstico, social y cultural de la provincia.<\/p>\n\n\n\n<p>El encuentro se llev\u00f3 a cabo en su casa, ubicada en el sector Las Piedras, donde los asistentes conversaron amigablemente. Donde expresan su deseos de; <strong><em>Todos juntos a trabajar. Sin colores ni banderas partidarias, unidos por una misma causa<\/em>.<\/strong><\/p>\n\n\n\n<p>\u00abMe siento agradecido de Dios por ser un canal y un mediador escogido por la mayor\u00eda para representarle en el congreso\u00bb expres\u00f3 Silva<\/p>\n\n\n\n<p>En esta ocasi\u00f3n, quisimos interactuar y conocer m\u00e1s a fondo nuestros alcaldes, regidores, diputados, directores y vocales quienes, durante 4 a\u00f1os estaremos al frente en representaci\u00f3n de La Romana, A\u00f1ade el senador.<\/p>\n\n\n\n<p>Agrega el senador, que \u00ablleg\u00f3 el tiempo de La Romana\u00bb, adem\u00e1s resalt\u00f3 su compromiso con el crecimiento en conjunto del pueblo y sus mun\u00edcipes.<\/p>\n\n\n\n<p>El Dr. Silva Agradeci\u00f3 el respaldo al encuentro de los diputados, Eugenio Cede\u00f1o, Eduard Espiritusanto, Pedro Botello; director distrito municipal de Caleta, Edwardo Kery; alcalde del municipio cabecera, Tony Adames, tambi\u00e9n como invitado especial el Dr Rafael Bar\u00f3n Duluc, alcalde de Hig\u00fcey, municipio cabecera de la provincia La Altagracia. Adem\u00e1s de todos los que hicieron acto de presencia en el encuentro desayuno.<\/p>\n","protected":false},"excerpt":{"rendered":"<p>La Romana, Republica Dominicana. El senador electo por \u00e9sta provincia de La Romana, doctor Ivan Silva, ofreci\u00f3 este pasado domingo 26 de julio, un desayuno a las nuevas y reci\u00e9n electas autoridades. El evento encabezado por el l\u00edder provincial es una forma de llamar a la unidad y el trabajo en conjunto de todos los [&hellip;]<\/p>\n","protected":false},"author":2,"featured_media":1241,"comment_status":"open","ping_status":"open","sticky":false,"template":"","format":"standard","meta":{"footnotes":""},"categories":[32,34],"tags":[148,266,103],"class_list":{"0":"post-1240","1":"post","2":"type-post","3":"status-publish","4":"format-standard","5":"has-post-thumbnail","7":"category-actualidad","8":"category-politica","9":"tag-ivan-silva","10":"tag-la-romana","11":"tag-prm"},"_links":{"self":[{"href":"https:\/\/elpueblo.com.do\/api-json\/wp\/v2\/posts\/1240","targetHints":{"allow":["GET"]}}],"collection":[{"href":"https:\/\/elpueblo.com.do\/api-json\/wp\/v2\/posts"}],"about":[{"href":"https:\/\/elpueblo.com.do\/api-json\/wp\/v2\/types\/post"}],"author":[{"embeddable":true,"href":"https:\/\/elpueblo.com.do\/api-json\/wp\/v2\/users\/2"}],"replies":[{"embeddable":true,"href":"https:\/\/elpueblo.com.do\/api-json\/wp\/v2\/comments?post=1240"}],"version-history":[{"count":0,"href":"https:\/\/elpueblo.com.do\/api-json\/wp\/v2\/posts\/1240\/revisions"}],"wp:featuredmedia":[{"embeddable":true,"href":"https:\/\/elpueblo.com.do\/api-json\/wp\/v2\/media\/1241"}],"wp:attachment":[{"href":"https:\/\/elpueblo.com.do\/api-json\/wp\/v2\/media?parent=1240"}],"wp:term":[{"taxonomy":"category","embeddable":true,"href":"https:\/\/elpueblo.com.do\/api-json\/wp\/v2\/categories?post=1240"},{"taxonomy":"post_tag","embeddable":true,"href":"https:\/\/elpueblo.com.do\/api-json\/wp\/v2\/tags?post=1240"}],"curies":[{"name":"wp","href":"https:\/\/api.w.org\/{rel}","templated":true}]}}