{"id":1237,"date":"2020-07-27T10:41:11","date_gmt":"2020-07-27T14:41:11","guid":{"rendered":"https:\/\/elpueblo.com.do\/?p=1237"},"modified":"2020-07-27T10:41:14","modified_gmt":"2020-07-27T14:41:14","slug":"codia-externa-su-preocupacion-sobre-que-pasara-con-las-deudas-de-oisoe","status":"publish","type":"post","link":"https:\/\/elpueblo.com.do\/actualidad\/codia-externa-su-preocupacion-sobre-que-pasara-con-las-deudas-de-oisoe\/1237\/","title":{"rendered":"Codia externa su preocupaci\u00f3n sobre que pasar\u00e1 con las deudas de OISOE"},"content":{"rendered":"\n<figure class=\"wp-block-image\"><a href=\"https:\/\/listindiario.com\/\"><img decoding=\"async\" data-src=\"https:\/\/live.mrf.io\/mstore\/e8f4207\/c54729a882c87a953d78453babb1123a936d9535\/logo.png?build=23804&amp;height=35&amp;fit=bounds\" alt=\"List\u00edn Diario, el peri\u00f3dico de los dominicanos. Noticias Santo Domingo. logo\" src=\"data:image\/svg+xml;base64,PHN2ZyB3aWR0aD0iMSIgaGVpZ2h0PSIxIiB4bWxucz0iaHR0cDovL3d3dy53My5vcmcvMjAwMC9zdmciPjwvc3ZnPg==\" class=\"lazyload\" \/><\/a><\/figure>\n\n\n\n<p><img decoding=\"async\" data-srcset=\"https:\/\/live.mrf.io\/statics\/i\/ps\/images2.listindiario.com\/imagen\/2020\/07\/24\/628\/627649\/294x440\/202007241715171\/al-codia-le-preocupa-que-pasara-con-deuda-millonaria-que-tiene-la-oisoe-con-ingenieros-contratistas.jpeg?mrf-size=s 320w, https:\/\/live.mrf.io\/statics\/i\/ps\/images2.listindiario.com\/imagen\/2020\/07\/24\/628\/627649\/294x440\/202007241715171\/al-codia-le-preocupa-que-pasara-con-deuda-millonaria-que-tiene-la-oisoe-con-ingenieros-contratistas.jpeg?mrf-size=m 750w\" data-src=\"https:\/\/live.mrf.io\/statics\/i\/ps\/images2.listindiario.com\/imagen\/2020\/07\/24\/628\/627649\/294x440\/202007241715171\/al-codia-le-preocupa-que-pasara-con-deuda-millonaria-que-tiene-la-oisoe-con-ingenieros-contratistas.jpeg\" src=\"data:image\/svg+xml;base64,PHN2ZyB3aWR0aD0iMSIgaGVpZ2h0PSIxIiB4bWxucz0iaHR0cDovL3d3dy53My5vcmcvMjAwMC9zdmciPjwvc3ZnPg==\" class=\"lazyload\">2&#8242;&nbsp;<\/p>\n\n\n\n<figure class=\"wp-block-table\"><table><tbody><tr><td>Econom\u00eda &amp; Negocios&nbsp;viernes, 24 de julio de 2020<\/td><\/tr><\/tbody><\/table><\/figure>\n\n\n\n<h1 class=\"wp-block-heading\">Al Codia le preocupa qu\u00e9 pasar\u00e1 con deuda \u201cmillonaria\u201d que tiene la OISOE con ingenieros contratistas<\/h1>\n\n\n\n<figure><iframe width=\"320\" height=\"50\"><\/iframe><\/figure>\n\n\n\n<h2 class=\"wp-block-heading\" id=\"ArticlePostTitleDiv\">LUIS ABINADER ANUNCI\u00d3 QUE ESA ENTIDAD ESTATAL SER\u00cdA ELIMINADA TAN PRONTO ASUMA EL CARGO EL 16 DE AGOSTO.<\/h2>\n\n\n\n<ul class=\"wp-block-list\"><li>Dionisio Navarro, presidente del Codia.<\/li><\/ul>\n\n\n\n<p><strong>Santo Domingo, RD<\/strong><\/p>\n\n\n\n<p><strong>La<\/strong>\u00a0<strong>deuda actual de la Oficina de Ingenieros Supervisores de Obras del Estado (OISOE) con ingenieros contratistas supera los RD$1,100 millones<\/strong>\u00a0y su destino es de alta preocupaci\u00f3n para el residente del Colegio Dominicano de Ingenieros, Arquitectos y Agrimensores (Codia), Dionisio Navarro.<\/p>\n\n\n\n<p>Navarro extern\u00f3 su preocupaci\u00f3n tras el anuncio del presidente electo,\u00a0<strong>Luis Abinader Corona<\/strong>, de que\u00a0esa entidad estatal que ser\u00eda eliminada tan pronto asuma el cargo el 16 de agosto.<\/p>\n\n\n\n<p>\u00abAnte este anuncio el presidente Abinader Corona no dice qu\u00e9 pasar\u00e1 con esa deuda millonaria que tiene la OISOE con los contratistas, ni tampoco qu\u00e9 pasar\u00e1 con los ingenieros que trabajan all\u00ed ni con los empleados\u201d, manifest\u00f3 Navarro, mediante un comunicado.<\/p>\n\n\n\n<p>Reiter\u00f3 que esto es una gran preocupaci\u00f3n del Codia porque el Presidente electo \u201cno deja esto claro, al anunciar de que OISOE pasar\u00e1 al Instituto Nacional de la Vivienda (Invi), que a su vez ser\u00eda convertido en un Ministerio de la Vivienda\u201d.<\/p>\n\n\n\n<p>Sostuvo que lo normal ser\u00eda que el nuevo mandatario diga si estos ingenieros y empleados que trabajan en OISOE van a pasar al INVI y si se va a saldar la deuda.<\/p>\n\n\n\n<p>Navarro cuestion\u00f3 la decisi\u00f3n de cierre de esa entidad porque supuestamente no rinde las funciones para lo cual fue concebida.<\/p>\n\n\n\n<p>Indic\u00f3 que\u00a0<strong>lo que se deber\u00eda hacer es que la entidad cumpla la funci\u00f3n de supervisi\u00f3n de obras y fiscalizaci\u00f3n<\/strong>, que es el motivo de su existencia.<\/p>\n\n\n\n<figure class=\"wp-block-image\"><img decoding=\"async\" data-src=\"https:\/\/live.mrf.io\/mstore\/e8f4207\/c54729a882c87a953d78453babb1123a936d9535\/logo.png?build=23804&amp;height=35&amp;fit=bounds\" alt=\"List\u00edn Diario, el peri\u00f3dico de los dominicanos. Noticias Santo Domingo. logo\" src=\"data:image\/svg+xml;base64,PHN2ZyB3aWR0aD0iMSIgaGVpZ2h0PSIxIiB4bWxucz0iaHR0cDovL3d3dy53My5vcmcvMjAwMC9zdmciPjwvc3ZnPg==\" class=\"lazyload\" \/><\/figure>\n\n\n\n<p><a href=\"https:\/\/listindiario.com\/\"><\/a><img decoding=\"async\" data-srcset=\"https:\/\/live.mrf.io\/statics\/i\/ps\/images2.listindiario.com\/imagen\/2020\/07\/24\/628\/627649\/294x440\/202007241715171\/al-codia-le-preocupa-que-pasara-con-deuda-millonaria-que-tiene-la-oisoe-con-ingenieros-contratistas.jpeg?mrf-size=s 320w, https:\/\/live.mrf.io\/statics\/i\/ps\/images2.listindiario.com\/imagen\/2020\/07\/24\/628\/627649\/294x440\/202007241715171\/al-codia-le-preocupa-que-pasara-con-deuda-millonaria-que-tiene-la-oisoe-con-ingenieros-contratistas.jpeg?mrf-size=m 750w\" data-src=\"https:\/\/live.mrf.io\/statics\/i\/ps\/images2.listindiario.com\/imagen\/2020\/07\/24\/628\/627649\/294x440\/202007241715171\/al-codia-le-preocupa-que-pasara-con-deuda-millonaria-que-tiene-la-oisoe-con-ingenieros-contratistas.jpeg\" src=\"data:image\/svg+xml;base64,PHN2ZyB3aWR0aD0iMSIgaGVpZ2h0PSIxIiB4bWxucz0iaHR0cDovL3d3dy53My5vcmcvMjAwMC9zdmciPjwvc3ZnPg==\" class=\"lazyload\">2&#8242;&nbsp;<\/p>\n\n\n\n<figure class=\"wp-block-table\"><table><tbody><tr><td>Econom\u00eda &amp; Negocios&nbsp;viernes, 24 de julio de 2020<\/td><\/tr><\/tbody><\/table><\/figure>\n\n\n\n<h1 class=\"wp-block-heading\">Al Codia le preocupa qu\u00e9 pasar\u00e1 con deuda \u201cmillonaria\u201d que tiene la OISOE con ingenieros contratistas<\/h1>\n\n\n\n<figure><iframe width=\"320\" height=\"50\"><\/iframe><\/figure>\n\n\n\n<h2 class=\"wp-block-heading\" id=\"ArticlePostTitleDiv\">LUIS ABINADER ANUNCI\u00d3 QUE ESA ENTIDAD ESTATAL SER\u00cdA ELIMINADA TAN PRONTO ASUMA EL CARGO EL 16 DE AGOSTO.<\/h2>\n\n\n\n<ul class=\"wp-block-list\"><li>Dionisio Navarro, presidente del Codia.<\/li><\/ul>\n\n\n\n<p><strong>Santo Domingo, RD<\/strong><\/p>\n\n\n\n<p>La&nbsp;<strong>deuda actual de la Oficina de Ingenieros Supervisores de Obras del Estado (OISOE) con ingenieros contratistas supera los RD$1,100 millones<\/strong>&nbsp;y su destino es de alta preocupaci\u00f3n para el residente del Colegio Dominicano de Ingenieros, Arquitectos y Agrimensores (Codia), Dionisio Navarro.<\/p>\n\n\n\n<p>Navarro extern\u00f3 su preocupaci\u00f3n tras el anuncio del presidente electo,&nbsp;<strong>Luis Abinader Corona<\/strong>, de que&nbsp;e<a href=\"https:\/\/listindiario.com\/la-republica\/2020\/07\/22\/627253\/abinader-eliminara-la-oisoe-david-collado-estara-al-frente-de-turismo\" target=\"_blank\" rel=\"noreferrer noopener\">sa entidad estatal ser\u00eda eliminada tan pronto asuma el cargo el 16 de agosto.<\/a><\/p>\n\n\n\n<figure><iframe width=\"300\" height=\"600\"><\/iframe><\/figure>\n\n\n\n<p>\u201cAnte este anuncio el presidente Abinader Corona no dice qu\u00e9 pasar\u00e1 con esa deuda millonaria que tiene la OISOE con los contratistas, ni tampoco qu\u00e9 pasar\u00e1 con los ingenieros que trabajan all\u00ed ni con los empleados\u201d, manifest\u00f3 Navarro, mediante un comunicado.<\/p>\n\n\n\n<p>Reiter\u00f3 que esto es una gran preocupaci\u00f3n del Codia porque el Presidente electo \u201cno deja esto claro, al anunciar de que OISOE pasar\u00e1 al Instituto Nacional de la Vivienda (Invi), que a su vez ser\u00eda convertido en un Ministerio de la Vivienda\u201d.<\/p>\n\n\n\n<figure><iframe width=\"300\" height=\"250\"><\/iframe><\/figure>\n\n\n\n<p>Sostuvo que lo normal ser\u00eda que el nuevo mandatario diga si estos ingenieros y empleados que trabajan en OISOE van a pasar al INVI y si se va a saldar la deuda.<\/p>\n\n\n\n<p><strong>Cuestiona la medida<\/strong><\/p>\n\n\n\n<p>Navarro cuestion\u00f3 la decisi\u00f3n de cierre de esa entidad porque supuestamente no rinde las funciones para lo cual fue concebida.<\/p>\n\n\n\n<p>Indic\u00f3 que&nbsp;<strong>lo que se deber\u00eda hacer es que la entidad cumpla la funci\u00f3n de supervisi\u00f3n de obras y fiscalizaci\u00f3n<\/strong>, que es el motivo de su existencia.<\/p>\n\n\n\n<figure><iframe width=\"300\" height=\"250\"><\/iframe><\/figure>\n\n\n\n<p>\u201cSi es una decisi\u00f3n del gobierno entrante de eliminar la OISOE, est\u00e1 en su derecho, pero lo que tiene que especificar bien es qu\u00e9 va a hacer con esos empleados y con los ingenieros, arquitectos y agrimensores y los contratistas\u201d, precis\u00f3.<\/p>\n\n\n\n<p>Dijo que esperan que el presidente Abinader se pronuncie en ese sentido de si esos profesionales pasar\u00e1n al Ministerio de la Vivienda que ser\u00e1 creado y sobre la deuda de los contratistas.<\/p>\n\n\n\n<p>Dijo que en el proceso de las obras hay tres aspectos importantes: dise\u00f1o, construcci\u00f3n y supervisi\u00f3n. A su juicio \u201csi no hay supervisi\u00f3n no hay calidad de obras\u201d.<\/p>\n","protected":false},"excerpt":{"rendered":"<p>2&#8242;&nbsp; Econom\u00eda &amp; Negocios&nbsp;viernes, 24 de julio de 2020 Al Codia le preocupa qu\u00e9 pasar\u00e1 con deuda \u201cmillonaria\u201d que tiene la OISOE con ingenieros contratistas LUIS ABINADER ANUNCI\u00d3 QUE ESA ENTIDAD ESTATAL SER\u00cdA ELIMINADA TAN PRONTO ASUMA EL CARGO EL 16 DE AGOSTO. Dionisio Navarro, presidente del Codia. Santo Domingo, RD La\u00a0deuda actual de la [&hellip;]<\/p>\n","protected":false},"author":2,"featured_media":1238,"comment_status":"open","ping_status":"open","sticky":false,"template":"","format":"standard","meta":{"footnotes":""},"categories":[32,41,33],"tags":[265,256,255,264],"class_list":{"0":"post-1237","1":"post","2":"type-post","3":"status-publish","4":"format-standard","5":"has-post-thumbnail","7":"category-actualidad","8":"category-economia","9":"category-opinion","10":"tag-codia","11":"tag-gobierno-de-luis-abinader","12":"tag-luis-abinader","13":"tag-oisoe"},"_links":{"self":[{"href":"https:\/\/elpueblo.com.do\/api-json\/wp\/v2\/posts\/1237","targetHints":{"allow":["GET"]}}],"collection":[{"href":"https:\/\/elpueblo.com.do\/api-json\/wp\/v2\/posts"}],"about":[{"href":"https:\/\/elpueblo.com.do\/api-json\/wp\/v2\/types\/post"}],"author":[{"embeddable":true,"href":"https:\/\/elpueblo.com.do\/api-json\/wp\/v2\/users\/2"}],"replies":[{"embeddable":true,"href":"https:\/\/elpueblo.com.do\/api-json\/wp\/v2\/comments?post=1237"}],"version-history":[{"count":0,"href":"https:\/\/elpueblo.com.do\/api-json\/wp\/v2\/posts\/1237\/revisions"}],"wp:featuredmedia":[{"embeddable":true,"href":"https:\/\/elpueblo.com.do\/api-json\/wp\/v2\/media\/1238"}],"wp:attachment":[{"href":"https:\/\/elpueblo.com.do\/api-json\/wp\/v2\/media?parent=1237"}],"wp:term":[{"taxonomy":"category","embeddable":true,"href":"https:\/\/elpueblo.com.do\/api-json\/wp\/v2\/categories?post=1237"},{"taxonomy":"post_tag","embeddable":true,"href":"https:\/\/elpueblo.com.do\/api-json\/wp\/v2\/tags?post=1237"}],"curies":[{"name":"wp","href":"https:\/\/api.w.org\/{rel}","templated":true}]}}