{"id":1232,"date":"2020-07-23T15:27:52","date_gmt":"2020-07-23T19:27:52","guid":{"rendered":"https:\/\/elpueblo.com.do\/?p=1232"},"modified":"2020-07-23T15:29:57","modified_gmt":"2020-07-23T19:29:57","slug":"luis-abinader-anuncia-futuras-designaciones-de-su-gobierno","status":"publish","type":"post","link":"https:\/\/elpueblo.com.do\/actualidad\/luis-abinader-anuncia-futuras-designaciones-de-su-gobierno\/1232\/","title":{"rendered":"Luis Abinader anuncia futuras designaciones de su gobierno"},"content":{"rendered":"\n<p>Hoy el reci\u00e9n electo presidente Luis Abinader anunci\u00f3 la futura designaci\u00f3n de algunos de los nuevos funcionarios de su gobierno.<\/p>\n\n\n\n<p>Abinader hizo el anuncio a trav\u00e9s de su cuenta de Twitter como ya es costumbre debido a la pandemia que azota al mundo en estos momentos.<\/p>\n\n\n\n<p>Las personas que ser\u00e1n parte de los que acompa\u00f1ar\u00e1n al nuevo presidente son Jesus (Chu) Vasquez como Ministro de Interior y Policia; Mercedes (Mily) Perez como Viceministra de Gesti\u00f3n Social y Educacion Ciudadana; Kimberly Taveras Duarte como Ministra de la Juventud y Dar\u00edo Castillo Lugo como Ministro de Administraci\u00f3n P\u00fablica.<\/p>\n\n\n\n<p>Jesus Vasquez quien ser\u00e1 nuevo ministro a partir del 16 de agosto fu\u00e9 senador por su provincia Mar\u00eda Trinidad Sanchez alcanzando las posiciones de vicepresidente y presidente de la camara alta en los periodos 1998-2001 y 2003-2004 respectivamente tambi\u00e9n ocup\u00f3 la Secretr\u00eda General del Partido Revolucionario Moderno desde su fundaci\u00f3n en 2015 hasta el 14 de Junio de 2018. <\/p>\n\n\n\n<p>Mercedes Perez quien ser\u00e1 viceministra de gesti\u00f3n social y educaci\u00f3n ciudadana tiene maestr\u00eda en Direcci\u00f3n y Gesti\u00f3n Publica Local es especialista en dise\u00f1o, ejecuci\u00f3n, evaluaci\u00f3n y sistematizaci\u00f3n de proyectos sociales y es secretaria de gesti\u00f3n con la sociedad civil del Partido Revolucionario Moderno.<\/p>\n\n\n\n<p>Kimberly Taveras es Ingeniera quimica de la Universidad Autonoma de Santo Domingo con maestr\u00eda en energ\u00edas renovables en la PUCMM, tambien fu\u00e9 desde 2018 coordinadora de la juventud del proyecto presidencial Luis Abinader por lo cual era esperado el anuncio de su designaci\u00f3n.<\/p>\n\n\n\n<p>Castillo Lugo quien es miembro de la direcci\u00f3n ejecutiva del Partido Revolucionario Moderno Licenciado en Administraci\u00f3n de Empresas de la Universidad Autonoma de Santo Domingo con una maestr\u00eda en gerencia p\u00fablica de la Universidad Nacional de Educacion a Distancia de Madrid, Espa\u00f1a.<\/p>\n\n\n\n<p><\/p>\n\n\n\n<p><\/p>\n","protected":false},"excerpt":{"rendered":"<p>Hoy el reci\u00e9n electo presidente Luis Abinader anunci\u00f3 la futura designaci\u00f3n de algunos de los nuevos funcionarios de su gobierno. Abinader hizo el anuncio a trav\u00e9s de su cuenta de Twitter como ya es costumbre debido a la pandemia que azota al mundo en estos momentos. Las personas que ser\u00e1n parte de los que acompa\u00f1ar\u00e1n [&hellip;]<\/p>\n","protected":false},"author":1,"featured_media":0,"comment_status":"open","ping_status":"open","sticky":false,"template":"","format":"standard","meta":{"footnotes":""},"categories":[32,34],"tags":[256,255],"class_list":{"0":"post-1232","1":"post","2":"type-post","3":"status-publish","4":"format-standard","6":"category-actualidad","7":"category-politica","8":"tag-gobierno-de-luis-abinader","9":"tag-luis-abinader"},"_links":{"self":[{"href":"https:\/\/elpueblo.com.do\/api-json\/wp\/v2\/posts\/1232","targetHints":{"allow":["GET"]}}],"collection":[{"href":"https:\/\/elpueblo.com.do\/api-json\/wp\/v2\/posts"}],"about":[{"href":"https:\/\/elpueblo.com.do\/api-json\/wp\/v2\/types\/post"}],"author":[{"embeddable":true,"href":"https:\/\/elpueblo.com.do\/api-json\/wp\/v2\/users\/1"}],"replies":[{"embeddable":true,"href":"https:\/\/elpueblo.com.do\/api-json\/wp\/v2\/comments?post=1232"}],"version-history":[{"count":0,"href":"https:\/\/elpueblo.com.do\/api-json\/wp\/v2\/posts\/1232\/revisions"}],"wp:attachment":[{"href":"https:\/\/elpueblo.com.do\/api-json\/wp\/v2\/media?parent=1232"}],"wp:term":[{"taxonomy":"category","embeddable":true,"href":"https:\/\/elpueblo.com.do\/api-json\/wp\/v2\/categories?post=1232"},{"taxonomy":"post_tag","embeddable":true,"href":"https:\/\/elpueblo.com.do\/api-json\/wp\/v2\/tags?post=1232"}],"curies":[{"name":"wp","href":"https:\/\/api.w.org\/{rel}","templated":true}]}}