{"id":1229,"date":"2020-07-23T14:32:35","date_gmt":"2020-07-23T18:32:35","guid":{"rendered":"https:\/\/elpueblo.com.do\/?p=1229"},"modified":"2020-07-23T14:32:39","modified_gmt":"2020-07-23T18:32:39","slug":"luis-abinader-designara-a-kimberly-taveras-como-ministra-de-la-juventud","status":"publish","type":"post","link":"https:\/\/elpueblo.com.do\/actualidad\/luis-abinader-designara-a-kimberly-taveras-como-ministra-de-la-juventud\/1229\/","title":{"rendered":"Luis Abinader designar\u00e1 a Kimberly Taveras como Ministra de la Juventud"},"content":{"rendered":"\n<p>El reci\u00e9n electo presidente Luis Abinader, anunci\u00f3 hoy que designar\u00e1 a la ingeniera quimica Kimberly Taveras como la persona que estar\u00e1 al mando del ministerio de la juventud.<\/p>\n\n\n\n<p>En una publicaci\u00f3n hecha el d\u00eda de hoy a trav\u00e9s de su cuenta de Twitter Abinader anunci\u00f3 tal designacion diciendo tambien que Taveras tendr\u00e1 la mision de transformar esa instituci\u00f3n en un organo que articule pol\u00edticas p\u00fablicas reales para el beneficio y desarrollo de los j\u00f3venes del pa\u00eds.<\/p>\n\n\n\n<p>Kimberly Taveras quien es egresada magna cum laude de la carrera de ingenier\u00eda quimica en la Universidad Autonoma de Santo Domingo fue desde 2018 coordinadora de la Juventud del proyecto presidencial Luis Abinader por lo que su designaci\u00f3n en dicha posici\u00f3n era ya esperada<\/p>\n\n\n\n<p><\/p>\n","protected":false},"excerpt":{"rendered":"<p>El reci\u00e9n electo presidente Luis Abinader, anunci\u00f3 hoy que designar\u00e1 a la ingeniera quimica Kimberly Taveras como la persona que estar\u00e1 al mando del ministerio de la juventud. En una publicaci\u00f3n hecha el d\u00eda de hoy a trav\u00e9s de su cuenta de Twitter Abinader anunci\u00f3 tal designacion diciendo tambien que Taveras tendr\u00e1 la mision de [&hellip;]<\/p>\n","protected":false},"author":6,"featured_media":1230,"comment_status":"open","ping_status":"open","sticky":false,"template":"","format":"standard","meta":{"footnotes":""},"categories":[32,34],"tags":[256,258,255],"class_list":{"0":"post-1229","1":"post","2":"type-post","3":"status-publish","4":"format-standard","5":"has-post-thumbnail","7":"category-actualidad","8":"category-politica","9":"tag-gobierno-de-luis-abinader","10":"tag-kimberly-taveras","11":"tag-luis-abinader"},"_links":{"self":[{"href":"https:\/\/elpueblo.com.do\/api-json\/wp\/v2\/posts\/1229","targetHints":{"allow":["GET"]}}],"collection":[{"href":"https:\/\/elpueblo.com.do\/api-json\/wp\/v2\/posts"}],"about":[{"href":"https:\/\/elpueblo.com.do\/api-json\/wp\/v2\/types\/post"}],"author":[{"embeddable":true,"href":"https:\/\/elpueblo.com.do\/api-json\/wp\/v2\/users\/6"}],"replies":[{"embeddable":true,"href":"https:\/\/elpueblo.com.do\/api-json\/wp\/v2\/comments?post=1229"}],"version-history":[{"count":0,"href":"https:\/\/elpueblo.com.do\/api-json\/wp\/v2\/posts\/1229\/revisions"}],"wp:featuredmedia":[{"embeddable":true,"href":"https:\/\/elpueblo.com.do\/api-json\/wp\/v2\/media\/1230"}],"wp:attachment":[{"href":"https:\/\/elpueblo.com.do\/api-json\/wp\/v2\/media?parent=1229"}],"wp:term":[{"taxonomy":"category","embeddable":true,"href":"https:\/\/elpueblo.com.do\/api-json\/wp\/v2\/categories?post=1229"},{"taxonomy":"post_tag","embeddable":true,"href":"https:\/\/elpueblo.com.do\/api-json\/wp\/v2\/tags?post=1229"}],"curies":[{"name":"wp","href":"https:\/\/api.w.org\/{rel}","templated":true}]}}