{"id":1224,"date":"2020-07-21T20:11:37","date_gmt":"2020-07-22T00:11:37","guid":{"rendered":"https:\/\/elpueblo.com.do\/?p=1224"},"modified":"2020-07-21T20:11:40","modified_gmt":"2020-07-22T00:11:40","slug":"luis-abinader-propone-a-david-collado-como-nuevo-ministro-de-turismo","status":"publish","type":"post","link":"https:\/\/elpueblo.com.do\/actualidad\/luis-abinader-propone-a-david-collado-como-nuevo-ministro-de-turismo\/1224\/","title":{"rendered":"Luis Abinader propone a David Collado como nuevo ministro de Turismo"},"content":{"rendered":"\n<p>El Presidente electo Luis Abinader, anunci\u00f3 hoy que designar\u00e1 a David Collado como Ministro de Turismo de su gobierno. Abinader anunci\u00f3 esa futura designaci\u00f3n mediante sus redes sociales como ha sido habitual en los ultimos d\u00edas, despu\u00e9s de las elecciones extraordinarias del 5 de julio.<\/p>\n\n\n\n<p>En esta ocasi\u00f3n utiliz\u00f3 sus cuentas de las redes sociales Twitter e Instagram donde ha hecho los ultimos anuncios de su gobierno a ra\u00edz de la pandemia del coronavirus que ha  est\u00e1do afectando al pa\u00eds y al mundo en los ultimos meses<\/p>\n\n\n\n<p>David Collado ocup\u00f3 el puesto de Diputado por la circunscripci\u00f3n 1 del Distrito Nacional en el periodo 2010-2016 donde se desempe\u00f1\u00f3 como presidente de la comisi\u00f3n de Turismo de la Camara Baja, tambi\u00e9n fu\u00e9 alcalde del Distrito Nacional en el periodo 2016-2020.<\/p>\n\n\n\n<p>Tambi\u00e9n anunci\u00f3 la futura designaci\u00f3n de Joel Santos ex-presidente de la Asociacion Nacional de Hoteles y Restaurantes como Asesor del Poder Ejecutivo en materia de turismo, as\u00ed tambien a Jacqueline Mora, Patricia Mej\u00eda y Yaneris Then como Viceministras tecnica, de gesti\u00f3n de destinos y administrativa respectivamente.<\/p>\n\n\n\n<p><\/p>\n\n\n\n<p><\/p>\n\n\n\n<p><\/p>\n","protected":false},"excerpt":{"rendered":"<p>El Presidente electo Luis Abinader, anunci\u00f3 hoy que designar\u00e1 a David Collado como Ministro de Turismo de su gobierno. Abinader anunci\u00f3 esa futura designaci\u00f3n mediante sus redes sociales como ha sido habitual en los ultimos d\u00edas, despu\u00e9s de las elecciones extraordinarias del 5 de julio. En esta ocasi\u00f3n utiliz\u00f3 sus cuentas de las redes sociales [&hellip;]<\/p>\n","protected":false},"author":1,"featured_media":1225,"comment_status":"open","ping_status":"open","sticky":true,"template":"","format":"standard","meta":{"footnotes":""},"categories":[32],"tags":[257,256,255],"class_list":{"0":"post-1224","1":"post","2":"type-post","3":"status-publish","4":"format-standard","5":"has-post-thumbnail","7":"category-actualidad","8":"tag-david-collado","9":"tag-gobierno-de-luis-abinader","10":"tag-luis-abinader"},"_links":{"self":[{"href":"https:\/\/elpueblo.com.do\/api-json\/wp\/v2\/posts\/1224","targetHints":{"allow":["GET"]}}],"collection":[{"href":"https:\/\/elpueblo.com.do\/api-json\/wp\/v2\/posts"}],"about":[{"href":"https:\/\/elpueblo.com.do\/api-json\/wp\/v2\/types\/post"}],"author":[{"embeddable":true,"href":"https:\/\/elpueblo.com.do\/api-json\/wp\/v2\/users\/1"}],"replies":[{"embeddable":true,"href":"https:\/\/elpueblo.com.do\/api-json\/wp\/v2\/comments?post=1224"}],"version-history":[{"count":0,"href":"https:\/\/elpueblo.com.do\/api-json\/wp\/v2\/posts\/1224\/revisions"}],"wp:featuredmedia":[{"embeddable":true,"href":"https:\/\/elpueblo.com.do\/api-json\/wp\/v2\/media\/1225"}],"wp:attachment":[{"href":"https:\/\/elpueblo.com.do\/api-json\/wp\/v2\/media?parent=1224"}],"wp:term":[{"taxonomy":"category","embeddable":true,"href":"https:\/\/elpueblo.com.do\/api-json\/wp\/v2\/categories?post=1224"},{"taxonomy":"post_tag","embeddable":true,"href":"https:\/\/elpueblo.com.do\/api-json\/wp\/v2\/tags?post=1224"}],"curies":[{"name":"wp","href":"https:\/\/api.w.org\/{rel}","templated":true}]}}