{"id":1221,"date":"2020-07-21T17:53:10","date_gmt":"2020-07-21T21:53:10","guid":{"rendered":"https:\/\/elpueblo.com.do\/?p=1221"},"modified":"2020-07-21T17:53:14","modified_gmt":"2020-07-21T21:53:14","slug":"ivan-silva-recibe-certificado-como-senador-de-la-romana-por-la-jce","status":"publish","type":"post","link":"https:\/\/elpueblo.com.do\/actualidad\/ivan-silva-recibe-certificado-como-senador-de-la-romana-por-la-jce\/1221\/","title":{"rendered":"Iv\u00e1n Silva recibe certificado como senador de La Romana por la JCE"},"content":{"rendered":"\n<p>La Romana &#8211; El Dr. Iv\u00e1n Silva recibi\u00f3 en este martes su certificado de elecci\u00f3n como senador para el per\u00edodo constitucional 2020-2024.<\/p>\n\n\n\n<p>La entrega se relanz\u00f3 con el pleno de la Junta Central Electoral (JCE), encabezado por su presidente magistrado Julio C\u00e9sar Casta\u00f1os Guzm\u00e1n con sede en el el Distrito Nacional.<\/p>\n\n\n\n<p>Silva recibi\u00f3 con humildad y compromiso su certificado que lo acredita como senador Por La Romana y del Partido Revolucionario Moderno (PRM), quien obtuvo el triunfo de los comicios del 5 de julio con 42,431 sufragios a su favor convirti\u00e9ndose en el senador m\u00e1s votado de toda la zona este del pa\u00eds.<\/p>\n\n\n\n<p>\u201cRecibo con humildad, entera y responsabilidad este certificado como senador por La Romana, con el compromiso de legislar, representar y fiscalizar con pulcritud y dignidad a todos mis romanenses\u201d. Finaliz\u00f3 Silva.<\/p>\n","protected":false},"excerpt":{"rendered":"<p>La Romana &#8211; El Dr. Iv\u00e1n Silva recibi\u00f3 en este martes su certificado de elecci\u00f3n como senador para el per\u00edodo constitucional 2020-2024. La entrega se relanz\u00f3 con el pleno de la Junta Central Electoral (JCE), encabezado por su presidente magistrado Julio C\u00e9sar Casta\u00f1os Guzm\u00e1n con sede en el el Distrito Nacional. Silva recibi\u00f3 con humildad [&hellip;]<\/p>\n","protected":false},"author":2,"featured_media":1222,"comment_status":"open","ping_status":"open","sticky":true,"template":"","format":"standard","meta":{"footnotes":""},"categories":[32,34],"tags":[],"class_list":{"0":"post-1221","1":"post","2":"type-post","3":"status-publish","4":"format-standard","5":"has-post-thumbnail","7":"category-actualidad","8":"category-politica"},"_links":{"self":[{"href":"https:\/\/elpueblo.com.do\/api-json\/wp\/v2\/posts\/1221","targetHints":{"allow":["GET"]}}],"collection":[{"href":"https:\/\/elpueblo.com.do\/api-json\/wp\/v2\/posts"}],"about":[{"href":"https:\/\/elpueblo.com.do\/api-json\/wp\/v2\/types\/post"}],"author":[{"embeddable":true,"href":"https:\/\/elpueblo.com.do\/api-json\/wp\/v2\/users\/2"}],"replies":[{"embeddable":true,"href":"https:\/\/elpueblo.com.do\/api-json\/wp\/v2\/comments?post=1221"}],"version-history":[{"count":0,"href":"https:\/\/elpueblo.com.do\/api-json\/wp\/v2\/posts\/1221\/revisions"}],"wp:featuredmedia":[{"embeddable":true,"href":"https:\/\/elpueblo.com.do\/api-json\/wp\/v2\/media\/1222"}],"wp:attachment":[{"href":"https:\/\/elpueblo.com.do\/api-json\/wp\/v2\/media?parent=1221"}],"wp:term":[{"taxonomy":"category","embeddable":true,"href":"https:\/\/elpueblo.com.do\/api-json\/wp\/v2\/categories?post=1221"},{"taxonomy":"post_tag","embeddable":true,"href":"https:\/\/elpueblo.com.do\/api-json\/wp\/v2\/tags?post=1221"}],"curies":[{"name":"wp","href":"https:\/\/api.w.org\/{rel}","templated":true}]}}