{"id":1218,"date":"2020-07-21T10:58:27","date_gmt":"2020-07-21T14:58:27","guid":{"rendered":"https:\/\/elpueblo.com.do\/?p=1218"},"modified":"2020-07-21T10:58:31","modified_gmt":"2020-07-21T14:58:31","slug":"presidente-electo-luis-abinader-dara-a-conocer-parte-de-su-equipo-de-turismo","status":"publish","type":"post","link":"https:\/\/elpueblo.com.do\/actualidad\/presidente-electo-luis-abinader-dara-a-conocer-parte-de-su-equipo-de-turismo\/1218\/","title":{"rendered":"Presidente electo Luis Abinader dar\u00e1 a conocer parte de su equipo de turismo"},"content":{"rendered":"\n<p>El presidente electo Luis Abinader di\u00f3 a conocer hoy martes que revelar\u00e1 parte de su equipo para el sector turismo como ha sido su costumbre en los ultimos d\u00edas mediante su cuenta de la red social Twitter.<\/p>\n\n\n\n<p>Esto ocurri\u00f3 durante su visita al Centro de Comando, Control, Comunicaciones, Computadoras, Ciberseguridad e Inteligencia (C5i) acompa\u00f1ado de la Vice-Presidenta electa Raquel Pe\u00f1a y quien fue designado por Abinader como ministro de defensa de su gobierno Luciano Diaz Morfa.<\/p>\n","protected":false},"excerpt":{"rendered":"<p>El presidente electo Luis Abinader di\u00f3 a conocer hoy martes que revelar\u00e1 parte de su equipo para el sector turismo como ha sido su costumbre en los ultimos d\u00edas mediante su cuenta de la red social Twitter. Esto ocurri\u00f3 durante su visita al Centro de Comando, Control, Comunicaciones, Computadoras, Ciberseguridad e Inteligencia (C5i) acompa\u00f1ado de [&hellip;]<\/p>\n","protected":false},"author":2,"featured_media":0,"comment_status":"open","ping_status":"open","sticky":true,"template":"","format":"standard","meta":{"footnotes":""},"categories":[32,34],"tags":[256,255,103,165],"class_list":{"0":"post-1218","1":"post","2":"type-post","3":"status-publish","4":"format-standard","6":"category-actualidad","7":"category-politica","8":"tag-gobierno-de-luis-abinader","9":"tag-luis-abinader","10":"tag-prm","11":"tag-raquel-pena"},"_links":{"self":[{"href":"https:\/\/elpueblo.com.do\/api-json\/wp\/v2\/posts\/1218","targetHints":{"allow":["GET"]}}],"collection":[{"href":"https:\/\/elpueblo.com.do\/api-json\/wp\/v2\/posts"}],"about":[{"href":"https:\/\/elpueblo.com.do\/api-json\/wp\/v2\/types\/post"}],"author":[{"embeddable":true,"href":"https:\/\/elpueblo.com.do\/api-json\/wp\/v2\/users\/2"}],"replies":[{"embeddable":true,"href":"https:\/\/elpueblo.com.do\/api-json\/wp\/v2\/comments?post=1218"}],"version-history":[{"count":0,"href":"https:\/\/elpueblo.com.do\/api-json\/wp\/v2\/posts\/1218\/revisions"}],"wp:attachment":[{"href":"https:\/\/elpueblo.com.do\/api-json\/wp\/v2\/media?parent=1218"}],"wp:term":[{"taxonomy":"category","embeddable":true,"href":"https:\/\/elpueblo.com.do\/api-json\/wp\/v2\/categories?post=1218"},{"taxonomy":"post_tag","embeddable":true,"href":"https:\/\/elpueblo.com.do\/api-json\/wp\/v2\/tags?post=1218"}],"curies":[{"name":"wp","href":"https:\/\/api.w.org\/{rel}","templated":true}]}}